{"id":16489,"date":"2025-10-17T02:19:40","date_gmt":"2025-10-17T02:19:40","guid":{"rendered":"https:\/\/infozamoraec.com\/?p=16489"},"modified":"2025-10-17T02:19:40","modified_gmt":"2025-10-17T02:19:40","slug":"piden-suspender-por-ocho-dias-a-asambleista-jadira-bayas-por-fijar-su-fotografia-en-una-sesion-virtual","status":"publish","type":"post","link":"https:\/\/infozamoraec.com\/index.php\/2025\/10\/17\/piden-suspender-por-ocho-dias-a-asambleista-jadira-bayas-por-fijar-su-fotografia-en-una-sesion-virtual\/","title":{"rendered":"Piden suspender por ocho d\u00edas a asamble\u00edsta Jadira Bayas por fijar su fotograf\u00eda en una sesi\u00f3n virtual"},"content":{"rendered":"<p>La legisladora de Acci\u00f3n Democr\u00e1tica Nacional (ADN), por Santo Domingo de los Ts\u00e1chilas, Jadira Bayas Uriarte, ser\u00e1 procesada administrativamente en la Asamblea Nacional por fijar su imagen en la pantalla de transmisi\u00f3n durante la sesi\u00f3n virtual de la Comisi\u00f3n de Biodiversidad de la Asamblea Nacional el pasado 8 de octubre.<\/p>\n<p>La denuncia la present\u00f3 su coidearia de bancada, Mar\u00eda Cristina Acu\u00f1a, aunque ella no pertenece a la comisi\u00f3n legislativa donde se produjo el hecho, sino a la Comisi\u00f3n de R\u00e9gimen Econ\u00f3mico.<\/p>\n<p>Acu\u00f1a pide que se suspenda de uno a ocho d\u00edas a la legisladora Bayas, porque incurri\u00f3 en una falta administrativa e inobservar el reglamento de sesiones virtuales y teletrabajo, que obliga en caso de una sesi\u00f3n virtual sea en el pleno de la Asamblea o en una comisi\u00f3n legislativa mantener encendida la c\u00e1mara de su dispositivo, durante toda la sesi\u00f3n.<\/p>\n<p>Seg\u00fan el relato, que Acu\u00f1a incluye en la queja, el 8 de octubre de 2025, se instal\u00f3 la sesi\u00f3n de la Comisi\u00f3n de Biodiversidad y Recursos Naturales, a los nueve minutos de instalada la sesi\u00f3n la asamble\u00edsta Bayas interrumpi\u00f3 y solicit\u00f3 ser incluida en el qu\u00f3rum, alegando problemas de conexi\u00f3n. Por disposici\u00f3n de la presidenta de la mesa, Camila Le\u00f3n (ADN), fue admitida en la sesi\u00f3n.<\/p>\n<p>Durante el desarrollo de la sesi\u00f3n, la legisladora Le\u00f3n, advirti\u00f3 que la pantalla de la asamble\u00edsta Bayas mostraba una imagen fija, en lugar de la transmisi\u00f3n de su c\u00e1mara. Ante ello, la presidenta de la mesa expres\u00f3: \u201cpara que parezca que est\u00e1 ah\u00ed\u201d, sugiriendo que la asamble\u00edsta Bayas no se encontraba realmente conectada.<\/p>\n<p>Camila Le\u00f3n procedi\u00f3 a llamarla en varias ocasiones por su nombre, sin obtener respuesta, y solicit\u00f3 al Secretario verificar nuevamente el qu\u00f3rum reglamentario, y se constat\u00f3 la ausencia de la asamble\u00edsta Bayas.<\/p>\n","protected":false},"excerpt":{"rendered":"<p>La legisladora de Acci\u00f3n Democr\u00e1tica Nacional (ADN), por Santo Domingo de los Ts\u00e1chilas, Jadira Bayas Uriarte, ser\u00e1 procesada administrativamente en la Asamblea Nacional por fijar su imagen en la pantalla de transmisi\u00f3n durante la sesi\u00f3n virtual de la Comisi\u00f3n de Biodiversidad de la Asamblea Nacional el pasado 8 de octubre. La denuncia la present\u00f3 su [&hellip;]<\/p>\n","protected":false},"author":1,"featured_media":16490,"comment_status":"open","ping_status":"open","sticky":false,"template":"","format":"standard","meta":{"footnotes":""},"categories":[12],"tags":[],"_links":{"self":[{"href":"https:\/\/infozamoraec.com\/index.php\/wp-json\/wp\/v2\/posts\/16489"}],"collection":[{"href":"https:\/\/infozamoraec.com\/index.php\/wp-json\/wp\/v2\/posts"}],"about":[{"href":"https:\/\/infozamoraec.com\/index.php\/wp-json\/wp\/v2\/types\/post"}],"author":[{"embeddable":true,"href":"https:\/\/infozamoraec.com\/index.php\/wp-json\/wp\/v2\/users\/1"}],"replies":[{"embeddable":true,"href":"https:\/\/infozamoraec.com\/index.php\/wp-json\/wp\/v2\/comments?post=16489"}],"version-history":[{"count":1,"href":"https:\/\/infozamoraec.com\/index.php\/wp-json\/wp\/v2\/posts\/16489\/revisions"}],"predecessor-version":[{"id":16491,"href":"https:\/\/infozamoraec.com\/index.php\/wp-json\/wp\/v2\/posts\/16489\/revisions\/16491"}],"wp:featuredmedia":[{"embeddable":true,"href":"https:\/\/infozamoraec.com\/index.php\/wp-json\/wp\/v2\/media\/16490"}],"wp:attachment":[{"href":"https:\/\/infozamoraec.com\/index.php\/wp-json\/wp\/v2\/media?parent=16489"}],"wp:term":[{"taxonomy":"category","embeddable":true,"href":"https:\/\/infozamoraec.com\/index.php\/wp-json\/wp\/v2\/categories?post=16489"},{"taxonomy":"post_tag","embeddable":true,"href":"https:\/\/infozamoraec.com\/index.php\/wp-json\/wp\/v2\/tags?post=16489"}],"curies":[{"name":"wp","href":"https:\/\/api.w.org\/{rel}","templated":true}]}}