{"id":16486,"date":"2025-10-17T02:17:31","date_gmt":"2025-10-17T02:17:31","guid":{"rendered":"https:\/\/infozamoraec.com\/?p=16486"},"modified":"2025-10-17T02:17:31","modified_gmt":"2025-10-17T02:17:31","slug":"dos-vehiculos-se-incendian-en-zona-de-bellavista-en-el-norte-de-guayaquil","status":"publish","type":"post","link":"https:\/\/infozamoraec.com\/index.php\/2025\/10\/17\/dos-vehiculos-se-incendian-en-zona-de-bellavista-en-el-norte-de-guayaquil\/","title":{"rendered":"Dos veh\u00edculos se incendian en zona de Bellavista, en el norte de Guayaquil"},"content":{"rendered":"<p>En una zona alta de la ciudadela Bellavista, en el norte de Guayaquil, vecinos reportaron una alerta de incendio vehicular.<\/p>\n<p>De acuerdo con videos compartidos por ciudadanos, al menos dos veh\u00edculos han resultado afectados por las llamas.<\/p>\n<p>Seg\u00fan datos de bomberos, un auto se contamin\u00f3 inicialmente y termin\u00f3 afectando a otro que estaba estacionado.<\/p>\n<p>Uniformados de Bomberos se movilizaron a la zona para atender la novedad. Con una unidad de la entidad se busca controlar la emergencia<\/p>\n<p>Vecinos se alarmaron por esta novedad y tomaron distancia de la zona de la emergencia, ya que el viento podr\u00eda generar que las llamas alcancen a m\u00e1s veh\u00edculos.<\/p>\n<p>En el sitio, bomberos conocieron que el primer veh\u00edculo que se inflam\u00f3 present\u00f3 un desperfecto mec\u00e1nico y producto de eso el incendio afect\u00f3 al segundo auto.<\/p>\n<p>Vecinos indicaron a bomberos que el segundo automotor estaba abandonado hace algunos a\u00f1os en el sitio. (I).<\/p>\n","protected":false},"excerpt":{"rendered":"<p>En una zona alta de la ciudadela Bellavista, en el norte de Guayaquil, vecinos reportaron una alerta de incendio vehicular. De acuerdo con videos compartidos por ciudadanos, al menos dos veh\u00edculos han resultado afectados por las llamas. Seg\u00fan datos de bomberos, un auto se contamin\u00f3 inicialmente y termin\u00f3 afectando a otro que estaba estacionado. Uniformados [&hellip;]<\/p>\n","protected":false},"author":1,"featured_media":16487,"comment_status":"open","ping_status":"open","sticky":false,"template":"","format":"standard","meta":{"footnotes":""},"categories":[12],"tags":[],"_links":{"self":[{"href":"https:\/\/infozamoraec.com\/index.php\/wp-json\/wp\/v2\/posts\/16486"}],"collection":[{"href":"https:\/\/infozamoraec.com\/index.php\/wp-json\/wp\/v2\/posts"}],"about":[{"href":"https:\/\/infozamoraec.com\/index.php\/wp-json\/wp\/v2\/types\/post"}],"author":[{"embeddable":true,"href":"https:\/\/infozamoraec.com\/index.php\/wp-json\/wp\/v2\/users\/1"}],"replies":[{"embeddable":true,"href":"https:\/\/infozamoraec.com\/index.php\/wp-json\/wp\/v2\/comments?post=16486"}],"version-history":[{"count":1,"href":"https:\/\/infozamoraec.com\/index.php\/wp-json\/wp\/v2\/posts\/16486\/revisions"}],"predecessor-version":[{"id":16488,"href":"https:\/\/infozamoraec.com\/index.php\/wp-json\/wp\/v2\/posts\/16486\/revisions\/16488"}],"wp:featuredmedia":[{"embeddable":true,"href":"https:\/\/infozamoraec.com\/index.php\/wp-json\/wp\/v2\/media\/16487"}],"wp:attachment":[{"href":"https:\/\/infozamoraec.com\/index.php\/wp-json\/wp\/v2\/media?parent=16486"}],"wp:term":[{"taxonomy":"category","embeddable":true,"href":"https:\/\/infozamoraec.com\/index.php\/wp-json\/wp\/v2\/categories?post=16486"},{"taxonomy":"post_tag","embeddable":true,"href":"https:\/\/infozamoraec.com\/index.php\/wp-json\/wp\/v2\/tags?post=16486"}],"curies":[{"name":"wp","href":"https:\/\/api.w.org\/{rel}","templated":true}]}}