{"id":16483,"date":"2025-10-17T02:15:07","date_gmt":"2025-10-17T02:15:07","guid":{"rendered":"https:\/\/infozamoraec.com\/?p=16483"},"modified":"2025-10-17T02:15:07","modified_gmt":"2025-10-17T02:15:07","slug":"noboa-cumple-agenda-en-machala-creen-que-nos-pueden-trabar-en-el-conflicto-poniendo-300-personas-a-pegar-tres-gritos","status":"publish","type":"post","link":"https:\/\/infozamoraec.com\/index.php\/2025\/10\/17\/noboa-cumple-agenda-en-machala-creen-que-nos-pueden-trabar-en-el-conflicto-poniendo-300-personas-a-pegar-tres-gritos\/","title":{"rendered":"Noboa cumple agenda en Machala: \u00abCreen que nos pueden trabar en el conflicto poniendo 300 personas a pegar tres gritos\u00bb"},"content":{"rendered":"<p>El presidente Daniel Noboa estuvo este 16 de octubre en El Oro para la entrega de bonos que son parte del Incentivo Emprende. As\u00ed, Noboa tambi\u00e9n se refiri\u00f3 al paro en Imbabura:<\/p>\n<p>\u00abLo que quieren es que nos enfoquemos en el conflicto y que no pueda estar aqu\u00ed con ustedes (\u2026) Creen que nos pueden trabar en el conflicto poni\u00e9ndonos a 300 o 400 personas a pegar tres gritos. Pero nosotros somos m\u00e1s fuertes y m\u00e1s h\u00e1biles que eso\u00bb.<\/p>\n<p>En el mismo estuvieron presentes las autoridades del Ministerio de Desarrollo Humano, Ministerio de Producci\u00f3n y el prefecto de El Oro, Clemente Bravo.<\/p>\n<p>Noboa entreg\u00f3 los bonos Incentivo Emprende y se firm\u00f3 un acuerdo entre el Ministerio de Desarrollo Humano y el Congope, donde Bravo es presidente.<\/p>\n<p>\u00abUno, cuando est\u00e1 en esta posici\u00f3n, tiene que ser fuerte, tiene que estar en momentos sumamente inc\u00f3modos, tiene que mostrar fuerza y ponerse al frente del peligro antes de que le toque a su pueblo\u00ab, agreg\u00f3 Noboa en El Oro (I).<\/p>\n","protected":false},"excerpt":{"rendered":"<p>El presidente Daniel Noboa estuvo este 16 de octubre en El Oro para la entrega de bonos que son parte del Incentivo Emprende. As\u00ed, Noboa tambi\u00e9n se refiri\u00f3 al paro en Imbabura: \u00abLo que quieren es que nos enfoquemos en el conflicto y que no pueda estar aqu\u00ed con ustedes (\u2026) Creen que nos pueden [&hellip;]<\/p>\n","protected":false},"author":1,"featured_media":16484,"comment_status":"open","ping_status":"open","sticky":false,"template":"","format":"standard","meta":{"footnotes":""},"categories":[12],"tags":[],"_links":{"self":[{"href":"https:\/\/infozamoraec.com\/index.php\/wp-json\/wp\/v2\/posts\/16483"}],"collection":[{"href":"https:\/\/infozamoraec.com\/index.php\/wp-json\/wp\/v2\/posts"}],"about":[{"href":"https:\/\/infozamoraec.com\/index.php\/wp-json\/wp\/v2\/types\/post"}],"author":[{"embeddable":true,"href":"https:\/\/infozamoraec.com\/index.php\/wp-json\/wp\/v2\/users\/1"}],"replies":[{"embeddable":true,"href":"https:\/\/infozamoraec.com\/index.php\/wp-json\/wp\/v2\/comments?post=16483"}],"version-history":[{"count":1,"href":"https:\/\/infozamoraec.com\/index.php\/wp-json\/wp\/v2\/posts\/16483\/revisions"}],"predecessor-version":[{"id":16485,"href":"https:\/\/infozamoraec.com\/index.php\/wp-json\/wp\/v2\/posts\/16483\/revisions\/16485"}],"wp:featuredmedia":[{"embeddable":true,"href":"https:\/\/infozamoraec.com\/index.php\/wp-json\/wp\/v2\/media\/16484"}],"wp:attachment":[{"href":"https:\/\/infozamoraec.com\/index.php\/wp-json\/wp\/v2\/media?parent=16483"}],"wp:term":[{"taxonomy":"category","embeddable":true,"href":"https:\/\/infozamoraec.com\/index.php\/wp-json\/wp\/v2\/categories?post=16483"},{"taxonomy":"post_tag","embeddable":true,"href":"https:\/\/infozamoraec.com\/index.php\/wp-json\/wp\/v2\/tags?post=16483"}],"curies":[{"name":"wp","href":"https:\/\/api.w.org\/{rel}","templated":true}]}}