{"id":16480,"date":"2025-10-17T02:12:19","date_gmt":"2025-10-17T02:12:19","guid":{"rendered":"https:\/\/infozamoraec.com\/?p=16480"},"modified":"2025-10-17T02:12:19","modified_gmt":"2025-10-17T02:12:19","slug":"indigenas-rechazan-tregua-en-imbabura-y-mantienen-resistencia","status":"publish","type":"post","link":"https:\/\/infozamoraec.com\/index.php\/2025\/10\/17\/indigenas-rechazan-tregua-en-imbabura-y-mantienen-resistencia\/","title":{"rendered":"Ind\u00edgenas rechazan tregua en Imbabura y mantienen \u00abresistencia\u00bb"},"content":{"rendered":"<p>Las poblaciones ind\u00edgenas de Imbabura, la provincia de Ecuador donde est\u00e1 el epicentro de las protestas contra el presidente Daniel Noboa, convocaron una gran asamblea para este viernes con el objetivo de mantener los bloqueos y las movilizaciones, al no aceptar la tregua parcial acordada por algunos dirigentes ind\u00edgenas con el Gobierno.<\/p>\n<p>La convocatoria se hizo despu\u00e9s de una celebraci\u00f3n de una primera asamblea en la plaza principal de Otavalo, n\u00facleo de la tensi\u00f3n social, en la que la poblaci\u00f3n ind\u00edgena mostr\u00f3 su desacuerdo con los acuerdos alcanzados por los dirigentes sociales con el Ejecutivo, que implicaban levantar los bloqueos a cambio de iniciar una serie de mesas de di\u00e1logo para tratar las demandas.<\/p>\n<p>\u00abQue siga el paro. Para fortalecer a los pueblos. Les pedimos a todos que asistan. Es un llamado al di\u00e1logo y a la unidad\u00bb, se\u00f1al\u00f3 Santiago Castro, dirigente ind\u00edgena de Otavalo, tras la asamblea en la que particip\u00f3 la alcaldesa de la ciudad, Anabel Hermosa, quien en la jornada previa hab\u00eda hecho de mediadora entre las comunidades y el Gobierno.<\/p>\n<p>La asamblea del viernes se celebrar\u00e1 en el punto donde mataron a Efra\u00edn Fueres, el primero de los dos manifestantes muertos por disparos en esta serie de protestas en Imbabura, presuntamente procedentes de militares que buscaban abrir las v\u00edas cortadas por las comunidades ind\u00edgenas.<\/p>\n<p>Alcaldesa: \u00abNadie dijo que el paro se ha acabado\u00bb<br \/>\n\u00abAqu\u00ed no hay terroristas. Que los militares se vayan y se dediquen a trabajar en las zonas del pa\u00eds donde hay mayor violencia\u00bb, dijo Fueres.<\/p>\n<p>Anabel Hermosa, alcaldesa de Otavalo, en la provincia ecuatoriana de Imbabura, epicentro de las protestas ind\u00edgenas, aclar\u00f3 este jueves que contin\u00faa el paro contra el alza del di\u00e9sel y otros reclamos, pese a que el mi\u00e9rcoles -tras una reuni\u00f3n con dirigentes ind\u00edgenas en esa ciudad- el ministro del Interior, John Reimberg dijo que se levantaba la medida.<\/p>\n<p>\u00abNadie dijo que se ha acabado el paro, lamentablemente puede equivocarse porque lo que se qued\u00f3 es en que se declaran asambleas permanentes en el territorio, para el an\u00e1lisis del decreto (sobre la eliminaci\u00f3n del subsidio al di\u00e9sel), para la reuni\u00f3n del d\u00eda lunes\u00bb, dijo Hermosa.<\/p>\n<p>Precisamente Reimberg dijo que \u00abhoy se acaba el paro\u00bb cuando intervino para anunciar los acuerdos tras m\u00e1s de seis horas de reuni\u00f3n, lo que r\u00e1pidamente rechazado por las bases de estas organizaciones ind\u00edgenas.<\/p>\n<p>\u00abNinguna provocaci\u00f3n debe dividirnos. Se mantienen vigentes las resoluciones del Consejo Ampliado del 14 de octubre, que resolvi\u00f3 reorganizar la resistencia, fortalecer la unidad, decir no a la Consulta Popular y reafirmar la resistencia en todos los territorios\u00bb, se\u00f1al\u00f3 este jueves la Confederaci\u00f3n de Nacionalidades Ind\u00edgenas del Ecuador (Conaie), que lidera las protestas a nivel nacional y que no fue invitada a esta reuni\u00f3n.<\/p>\n<p>Cerca de un mes de protestas<br \/>\nEcuador lleva cerca de un mes de protestas ind\u00edgenas centradas principalmente en varias provincias de la zona andina para exigir inicialmente la restituci\u00f3n del subsidio al di\u00e9sel, eliminado por Noboa a trav\u00e9s de un decreto que hizo que el precio de este combustible pasase de estar congelado en 1,80 d\u00f3lares por gal\u00f3n (3,78 litros) a sobrepasar los 2,80 d\u00f3lares.<\/p>\n<p>A ellos se sumaron otras demandas como el retorno del impuesto al valor agregado (IVA) al 12 %, despu\u00e9s de que Noboa lo subiese el a\u00f1o pasado a 15 %, y el rechazo al refer\u00e9ndum convocado por el mandatario para el pr\u00f3ximo 16 de noviembre donde debe votarse si se quiere continuar con la Constituci\u00f3n vigente desde el mandato de Rafael Correa (2007-2017) o se abre el proceso para elaborar una nueva carta, m\u00e1s a la medida del perfil liberal de Noboa.<\/p>\n<p>Hasta el momento, y tras casi un mes de movilizaciones, las protestas dejan dos muertos por armas de fuego, cerca de 350 manifestantes heridos y m\u00e1s de 170 detenciones, de las que alrededor de una veintena han sido enviadas a prisi\u00f3n preventiva con cargos por terrorismo presentados por la Fiscal\u00eda. EFE<\/p>\n","protected":false},"excerpt":{"rendered":"<p>Las poblaciones ind\u00edgenas de Imbabura, la provincia de Ecuador donde est\u00e1 el epicentro de las protestas contra el presidente Daniel Noboa, convocaron una gran asamblea para este viernes con el objetivo de mantener los bloqueos y las movilizaciones, al no aceptar la tregua parcial acordada por algunos dirigentes ind\u00edgenas con el Gobierno. La convocatoria se [&hellip;]<\/p>\n","protected":false},"author":1,"featured_media":16481,"comment_status":"open","ping_status":"open","sticky":false,"template":"","format":"standard","meta":{"footnotes":""},"categories":[12],"tags":[],"_links":{"self":[{"href":"https:\/\/infozamoraec.com\/index.php\/wp-json\/wp\/v2\/posts\/16480"}],"collection":[{"href":"https:\/\/infozamoraec.com\/index.php\/wp-json\/wp\/v2\/posts"}],"about":[{"href":"https:\/\/infozamoraec.com\/index.php\/wp-json\/wp\/v2\/types\/post"}],"author":[{"embeddable":true,"href":"https:\/\/infozamoraec.com\/index.php\/wp-json\/wp\/v2\/users\/1"}],"replies":[{"embeddable":true,"href":"https:\/\/infozamoraec.com\/index.php\/wp-json\/wp\/v2\/comments?post=16480"}],"version-history":[{"count":1,"href":"https:\/\/infozamoraec.com\/index.php\/wp-json\/wp\/v2\/posts\/16480\/revisions"}],"predecessor-version":[{"id":16482,"href":"https:\/\/infozamoraec.com\/index.php\/wp-json\/wp\/v2\/posts\/16480\/revisions\/16482"}],"wp:featuredmedia":[{"embeddable":true,"href":"https:\/\/infozamoraec.com\/index.php\/wp-json\/wp\/v2\/media\/16481"}],"wp:attachment":[{"href":"https:\/\/infozamoraec.com\/index.php\/wp-json\/wp\/v2\/media?parent=16480"}],"wp:term":[{"taxonomy":"category","embeddable":true,"href":"https:\/\/infozamoraec.com\/index.php\/wp-json\/wp\/v2\/categories?post=16480"},{"taxonomy":"post_tag","embeddable":true,"href":"https:\/\/infozamoraec.com\/index.php\/wp-json\/wp\/v2\/tags?post=16480"}],"curies":[{"name":"wp","href":"https:\/\/api.w.org\/{rel}","templated":true}]}}