{"id":16474,"date":"2025-10-17T01:54:01","date_gmt":"2025-10-17T01:54:01","guid":{"rendered":"https:\/\/infozamoraec.com\/?p=16474"},"modified":"2025-10-17T01:54:01","modified_gmt":"2025-10-17T01:54:01","slug":"lluvias-causan-afectaciones-en-viviendas-del-barrio-el-mirador-en-zamora","status":"publish","type":"post","link":"https:\/\/infozamoraec.com\/index.php\/2025\/10\/17\/lluvias-causan-afectaciones-en-viviendas-del-barrio-el-mirador-en-zamora\/","title":{"rendered":"Lluvias causan afectaciones en viviendas del barrio El Mirador en Zamora"},"content":{"rendered":"<p data-start=\"0\" data-end=\"441\">Las intensas precipitaciones registradas durante la madrugada y la ma\u00f1ana de este jueves provocaron afectaciones en varias viviendas del cant\u00f3n Zamora. A trav\u00e9s de redes sociales, los ciudadanos reportaron el desbordamiento de una peque\u00f1a quebrada y mostraron im\u00e1genes del impacto del temporal, especialmente en el barrio El Mirador, donde se evidenci\u00f3 la acumulaci\u00f3n de agua y da\u00f1os en varios hogares.<\/p>\n<p data-start=\"443\" data-end=\"754\">Frente a esta situaci\u00f3n, el Gobierno Aut\u00f3nomo Descentralizado Municipal de Zamora, mediante el Departamento de Obras P\u00fablicas, ejecut\u00f3 trabajos de mantenimiento vial con la nueva maquinaria municipal en el barrio Urbano El Mirador, con el objetivo de mejorar la circulaci\u00f3n y mitigar los efectos del invierno.<\/p>\n<p data-start=\"756\" data-end=\"1109\">Sin embargo, los ciudadanos piden a las autoridades cantonales que se realice un tratamiento definitivo a las calles que a\u00fan no cuentan con asfalto ni adoqu\u00edn, pese a disponer de redes de alcantarillado y agua potable. La comunidad espera una intervenci\u00f3n integral que garantice mejores condiciones de movilidad y reduzca los riesgos ante las lluvias.<\/p>\n<p data-start=\"1111\" data-end=\"1222\" data-is-last-node=\"\" data-is-only-node=\"\">El Municipio de Zamora reiter\u00f3 su compromiso con el desarrollo, la conectividad y el bienestar de la poblaci\u00f3n.<\/p>\n","protected":false},"excerpt":{"rendered":"<p>Las intensas precipitaciones registradas durante la madrugada y la ma\u00f1ana de este jueves provocaron afectaciones en varias viviendas del cant\u00f3n Zamora. A trav\u00e9s de redes sociales, los ciudadanos reportaron el desbordamiento de una peque\u00f1a quebrada y mostraron im\u00e1genes del impacto del temporal, especialmente en el barrio El Mirador, donde se evidenci\u00f3 la acumulaci\u00f3n de agua [&hellip;]<\/p>\n","protected":false},"author":1,"featured_media":16475,"comment_status":"open","ping_status":"open","sticky":false,"template":"","format":"standard","meta":{"footnotes":""},"categories":[9],"tags":[],"_links":{"self":[{"href":"https:\/\/infozamoraec.com\/index.php\/wp-json\/wp\/v2\/posts\/16474"}],"collection":[{"href":"https:\/\/infozamoraec.com\/index.php\/wp-json\/wp\/v2\/posts"}],"about":[{"href":"https:\/\/infozamoraec.com\/index.php\/wp-json\/wp\/v2\/types\/post"}],"author":[{"embeddable":true,"href":"https:\/\/infozamoraec.com\/index.php\/wp-json\/wp\/v2\/users\/1"}],"replies":[{"embeddable":true,"href":"https:\/\/infozamoraec.com\/index.php\/wp-json\/wp\/v2\/comments?post=16474"}],"version-history":[{"count":1,"href":"https:\/\/infozamoraec.com\/index.php\/wp-json\/wp\/v2\/posts\/16474\/revisions"}],"predecessor-version":[{"id":16476,"href":"https:\/\/infozamoraec.com\/index.php\/wp-json\/wp\/v2\/posts\/16474\/revisions\/16476"}],"wp:featuredmedia":[{"embeddable":true,"href":"https:\/\/infozamoraec.com\/index.php\/wp-json\/wp\/v2\/media\/16475"}],"wp:attachment":[{"href":"https:\/\/infozamoraec.com\/index.php\/wp-json\/wp\/v2\/media?parent=16474"}],"wp:term":[{"taxonomy":"category","embeddable":true,"href":"https:\/\/infozamoraec.com\/index.php\/wp-json\/wp\/v2\/categories?post=16474"},{"taxonomy":"post_tag","embeddable":true,"href":"https:\/\/infozamoraec.com\/index.php\/wp-json\/wp\/v2\/tags?post=16474"}],"curies":[{"name":"wp","href":"https:\/\/api.w.org\/{rel}","templated":true}]}}