{"id":16470,"date":"2025-10-17T01:43:00","date_gmt":"2025-10-17T01:43:00","guid":{"rendered":"https:\/\/infozamoraec.com\/?p=16470"},"modified":"2025-10-17T02:38:56","modified_gmt":"2025-10-17T02:38:56","slug":"gad-municipal-de-zamora-cumple-con-la-primera-entrega-de-bandas-ritmicas-en-el-canton-zamora","status":"publish","type":"post","link":"https:\/\/infozamoraec.com\/index.php\/2025\/10\/17\/gad-municipal-de-zamora-cumple-con-la-primera-entrega-de-bandas-ritmicas-en-el-canton-zamora\/","title":{"rendered":"GAD Municipal de Zamora cumple con la primera entrega de bandas r\u00edtmicas en el cant\u00f3n Zamora"},"content":{"rendered":"<p style=\"font-weight: 400;\">El Gobierno Aut\u00f3nomo Descentralizado (GAD) Municipal de Zamora, liderado por el alcalde Manuel Gonz\u00e1lez y los concejales del cant\u00f3n, llevaron a cabo la primera entrega oficial de bandas r\u00edtmicas a ocho instituciones educativas y al Conservatorio de M\u00fasica \u201cMarcos Antonio Ochoa Mu\u00f1oz\u201d, en el marco del proyecto:\u00a0<em>\u201cFortalecer al sector educativo a trav\u00e9s del equipamiento instrumental, impulsando el arte musical y c\u00edvico pedag\u00f3gico para conservar y difundir el patrimonio musical y cultural ecuatoriano en el cant\u00f3n Zamora, provincia de Zamora Chinchipe\u201d<\/em>.<\/p>\n<p style=\"font-weight: 400;\">Esta importante iniciativa representa un hito en el fortalecimiento de la educaci\u00f3n art\u00edstica y musical del cant\u00f3n, beneficiando directamente a ni\u00f1os, ni\u00f1as y j\u00f3venes de la localidad. La inversi\u00f3n destinada a este proyecto asciende a 48.500,00 d\u00f3lares americanos.<\/p>\n<p style=\"font-weight: 400;\">Las instituciones beneficiadas con este equipamiento son: Unidad Educativas 12 de Febrero, San Francisco de As\u00eds, Luis Felipe Borja del Alc\u00e1zar, Daniel Mart\u00ednez Ord\u00f3\u00f1ez, Intercultural Biling\u00fce Bernardino Echeverr\u00eda; as\u00ed como las escuelas: Amazonas, La Inmaculada, Medardo \u00c1ngel Silva, y el Conservatorio de M\u00fasica Marcos Antonio Ochoa Mu\u00f1oz.<\/p>\n<p style=\"font-weight: 400;\">Entre los instrumentos entregados se encuentran bombos, tambores de marcha, redoblantes, jam blocks, juegos de platillos de mano, g\u00fciros, liras, timbales, granaderos, perchas met\u00e1licas y perchas para liras, conformando un conjunto completo de instrumentos necesarios para la formaci\u00f3n y desempe\u00f1o de bandas r\u00edtmicas escolares.<\/p>\n<p style=\"font-weight: 400;\">Dayanna Uchuari, t\u00e9cnica 2 del \u00e1rea de Desarrollo Sociocultural del GAD Municipal, manifest\u00f3 que gracias a la visi\u00f3n y voluntad pol\u00edtica del alcalde Manuel Gonz\u00e1lez y del Concejo Municipal, fue posible concretar esta entrega que apunta al fortalecimiento del sistema educativo a trav\u00e9s del arte, reconociendo a la m\u00fasica como una herramienta pedag\u00f3gica que promueve la identidad cultural, la disciplina, el trabajo en equipo y la creatividad en los estudiantes.<\/p>\n<p style=\"font-weight: 400;\">Por su parte, Manuel Gonz\u00e1lez, alcalde del cant\u00f3n Zamora, expres\u00f3 su satisfacci\u00f3n por haber cumplido con este compromiso que responde a una demanda de las instituciones educativas del cant\u00f3n.<\/p>\n<p style=\"font-weight: 400;\">Se\u00f1al\u00f3 que:\u00a0<em>\u201cHoy estamos sembrando en la juventud una semilla de identidad, civismo y amor por la cultura. Este proyecto no solo consiste en entregar instrumentos musicales, sino en abrir espacios para que nuestros ni\u00f1os y j\u00f3venes se formen integralmente, desarrollen sus talentos y se conecten con nuestras ra\u00edces culturales. Creemos firmemente en la educaci\u00f3n como pilar fundamental para el desarrollo del cant\u00f3n, y por eso apostamos por iniciativas que fomenten el arte, que despierten vocaciones y que mantengan viva la tradici\u00f3n musical de nuestro pueblo. \u201d<\/em>, se\u00f1al\u00f3 Gonz\u00e1lez.<\/p>\n<p style=\"font-weight: 400;\">Con este tipo de acciones, el GAD Municipal de Zamora reafirma su compromiso con el fortalecimiento del sistema educativo y cultural del cant\u00f3n, impulsando pol\u00edticas p\u00fablicas que priorizan el desarrollo integral de la ni\u00f1ez y juventud zamoranas.<\/p>\n<p style=\"font-weight: 400;\">\n","protected":false},"excerpt":{"rendered":"<p>El Gobierno Aut\u00f3nomo Descentralizado (GAD) Municipal de Zamora, liderado por el alcalde Manuel Gonz\u00e1lez y los concejales del cant\u00f3n, llevaron a cabo la primera entrega oficial de bandas r\u00edtmicas a ocho instituciones educativas y al Conservatorio de M\u00fasica \u201cMarcos Antonio Ochoa Mu\u00f1oz\u201d, en el marco del proyecto:\u00a0\u201cFortalecer al sector educativo a trav\u00e9s del equipamiento instrumental, [&hellip;]<\/p>\n","protected":false},"author":1,"featured_media":16471,"comment_status":"open","ping_status":"open","sticky":false,"template":"","format":"standard","meta":{"footnotes":""},"categories":[9],"tags":[],"_links":{"self":[{"href":"https:\/\/infozamoraec.com\/index.php\/wp-json\/wp\/v2\/posts\/16470"}],"collection":[{"href":"https:\/\/infozamoraec.com\/index.php\/wp-json\/wp\/v2\/posts"}],"about":[{"href":"https:\/\/infozamoraec.com\/index.php\/wp-json\/wp\/v2\/types\/post"}],"author":[{"embeddable":true,"href":"https:\/\/infozamoraec.com\/index.php\/wp-json\/wp\/v2\/users\/1"}],"replies":[{"embeddable":true,"href":"https:\/\/infozamoraec.com\/index.php\/wp-json\/wp\/v2\/comments?post=16470"}],"version-history":[{"count":3,"href":"https:\/\/infozamoraec.com\/index.php\/wp-json\/wp\/v2\/posts\/16470\/revisions"}],"predecessor-version":[{"id":16509,"href":"https:\/\/infozamoraec.com\/index.php\/wp-json\/wp\/v2\/posts\/16470\/revisions\/16509"}],"wp:featuredmedia":[{"embeddable":true,"href":"https:\/\/infozamoraec.com\/index.php\/wp-json\/wp\/v2\/media\/16471"}],"wp:attachment":[{"href":"https:\/\/infozamoraec.com\/index.php\/wp-json\/wp\/v2\/media?parent=16470"}],"wp:term":[{"taxonomy":"category","embeddable":true,"href":"https:\/\/infozamoraec.com\/index.php\/wp-json\/wp\/v2\/categories?post=16470"},{"taxonomy":"post_tag","embeddable":true,"href":"https:\/\/infozamoraec.com\/index.php\/wp-json\/wp\/v2\/tags?post=16470"}],"curies":[{"name":"wp","href":"https:\/\/api.w.org\/{rel}","templated":true}]}}