{"id":16453,"date":"2025-10-16T01:02:32","date_gmt":"2025-10-16T01:02:32","guid":{"rendered":"https:\/\/infozamoraec.com\/?p=16453"},"modified":"2025-10-16T01:02:32","modified_gmt":"2025-10-16T01:02:32","slug":"el-nuevo-ecuador-fortalecera-la-educacion-superior-publica-con-la-construccion-de-residencias-universitarias","status":"publish","type":"post","link":"https:\/\/infozamoraec.com\/index.php\/2025\/10\/16\/el-nuevo-ecuador-fortalecera-la-educacion-superior-publica-con-la-construccion-de-residencias-universitarias\/","title":{"rendered":"El Nuevo Ecuador fortalecer\u00e1 la Educaci\u00f3n Superior p\u00fablica con la construcci\u00f3n de residencias universitarias"},"content":{"rendered":"<p>Mediante el Decreto Ejecutivo N\u00b0182, El Gobierno Nacional, liderado por el presidente Daniel Noboa Azin, anunci\u00f3 la implementaci\u00f3n del programa de\u00a0<strong>Residencias Universitarias \u201cCasa U\u201d, que<\/strong>\u00a0tiene como objetivo la construcci\u00f3n de\u00a0<strong>soluciones habitacionales<\/strong>\u00a0para estudiantes de instituciones de educaci\u00f3n superior p\u00fablicas a nivel nacional.<\/p>\n<p>Este proyecto tiene el prop\u00f3sito de brindar oportunidades reales de desarrollo a j\u00f3venes de todas las regiones del Ecuador, contribuyendo al fortalecimiento del sistema de educaci\u00f3n superior p\u00fablico y promoviendo el ingreso, permanencia y culminaci\u00f3n de estudios profesionales.<\/p>\n<p>En el pa\u00eds, solamente cinco Universidades y Escuelas Polit\u00e9cnicas P\u00fablicas (UEP) cuentan con residencias estudiantiles, de un total de 33 que ofertan carreras de tercer nivel. Con la aplicaci\u00f3n del programa\u00a0<strong>se buscar\u00e1 beneficiar todas las Instituciones de Educaci\u00f3n Superior P\u00fablicas (IES) del pa\u00eds. Las Residencias Universitarias ser\u00e1n gratuitas para los estudiantes que accedan al programa.<\/strong><\/p>\n<p><strong>Este proceso se ejecutar\u00e1 luego de cumplidas las disposiciones transitorias del\u00a0<\/strong>Decreto Ejecutivo N\u00b0182, referente a la emisi\u00f3n de la normativa secundaria para el programa, que incluir\u00e1 los requisitos para el acceso de estudiantes a este beneficio; as\u00ed, como la emisi\u00f3n del modelo de implementaci\u00f3n y gesti\u00f3n de las residencias por las Universidades y Escuelas Polit\u00e9cnicas P\u00fablicas.<\/p>\n<p>El del Gobierno Central asignar\u00e1 y transferir\u00e1 recursos a las Instituciones seleccionadas para el proceso. Para hacerlo, existir\u00e1n cinco criterios de priorizaci\u00f3n:<\/p>\n<ol>\n<li>El porcentaje de ejecuci\u00f3n presupuestaria del a\u00f1o 2024 y del primer semestre del 2025.<\/li>\n<li>El porcentaje de estudiantes provenientes de provincias distintas al campus de estudio.<\/li>\n<li>El modelo de implementaci\u00f3n y gesti\u00f3n de la residencia.<\/li>\n<li>La titularidad de un bien inmueble apto para la implementaci\u00f3n del proyecto, por parte de las Universidades y Escuelas Polit\u00e9cnicas P\u00fablicas.<\/li>\n<li>Otros requisitos previstos por el Ministerio de Educaci\u00f3n, Cultura y Deporte.<\/li>\n<\/ol>\n<p>Con esta acci\u00f3n, el Gobierno Nacional reafirma su compromiso con la equidad y el desarrollo educativo del Ecuador, impulsando un sistema universitario inclusivo, competitivo y con oportunidades para todos.<\/p>\n","protected":false},"excerpt":{"rendered":"<p>Mediante el Decreto Ejecutivo N\u00b0182, El Gobierno Nacional, liderado por el presidente Daniel Noboa Azin, anunci\u00f3 la implementaci\u00f3n del programa de\u00a0Residencias Universitarias \u201cCasa U\u201d, que\u00a0tiene como objetivo la construcci\u00f3n de\u00a0soluciones habitacionales\u00a0para estudiantes de instituciones de educaci\u00f3n superior p\u00fablicas a nivel nacional. Este proyecto tiene el prop\u00f3sito de brindar oportunidades reales de desarrollo a j\u00f3venes de [&hellip;]<\/p>\n","protected":false},"author":1,"featured_media":16454,"comment_status":"open","ping_status":"open","sticky":false,"template":"","format":"standard","meta":{"footnotes":""},"categories":[12],"tags":[],"_links":{"self":[{"href":"https:\/\/infozamoraec.com\/index.php\/wp-json\/wp\/v2\/posts\/16453"}],"collection":[{"href":"https:\/\/infozamoraec.com\/index.php\/wp-json\/wp\/v2\/posts"}],"about":[{"href":"https:\/\/infozamoraec.com\/index.php\/wp-json\/wp\/v2\/types\/post"}],"author":[{"embeddable":true,"href":"https:\/\/infozamoraec.com\/index.php\/wp-json\/wp\/v2\/users\/1"}],"replies":[{"embeddable":true,"href":"https:\/\/infozamoraec.com\/index.php\/wp-json\/wp\/v2\/comments?post=16453"}],"version-history":[{"count":1,"href":"https:\/\/infozamoraec.com\/index.php\/wp-json\/wp\/v2\/posts\/16453\/revisions"}],"predecessor-version":[{"id":16455,"href":"https:\/\/infozamoraec.com\/index.php\/wp-json\/wp\/v2\/posts\/16453\/revisions\/16455"}],"wp:featuredmedia":[{"embeddable":true,"href":"https:\/\/infozamoraec.com\/index.php\/wp-json\/wp\/v2\/media\/16454"}],"wp:attachment":[{"href":"https:\/\/infozamoraec.com\/index.php\/wp-json\/wp\/v2\/media?parent=16453"}],"wp:term":[{"taxonomy":"category","embeddable":true,"href":"https:\/\/infozamoraec.com\/index.php\/wp-json\/wp\/v2\/categories?post=16453"},{"taxonomy":"post_tag","embeddable":true,"href":"https:\/\/infozamoraec.com\/index.php\/wp-json\/wp\/v2\/tags?post=16453"}],"curies":[{"name":"wp","href":"https:\/\/api.w.org\/{rel}","templated":true}]}}