{"id":16450,"date":"2025-10-16T00:57:41","date_gmt":"2025-10-16T00:57:41","guid":{"rendered":"https:\/\/infozamoraec.com\/?p=16450"},"modified":"2025-10-16T00:57:41","modified_gmt":"2025-10-16T00:57:41","slug":"ecuador-esta-en-paz-dice-ministro-reimberg-tras-acuerdo-para-el-fin-del-paro-en-imbabura","status":"publish","type":"post","link":"https:\/\/infozamoraec.com\/index.php\/2025\/10\/16\/ecuador-esta-en-paz-dice-ministro-reimberg-tras-acuerdo-para-el-fin-del-paro-en-imbabura\/","title":{"rendered":"\u201cEcuador est\u00e1 en paz\u201d, dice ministro Reimberg tras acuerdo para el fin del paro en Imbabura"},"content":{"rendered":"<p>\u201cEl Gobierno del presidente Daniel Noboa es de di\u00e1logo, de consensos y de palabra\u201d, fue la reacci\u00f3n del ministro del Interior, John Reimberg, tras el acuerdo al que lleg\u00f3 el Ejecutivo con el movimiento ind\u00edgena de Imbabura para poner un alto a las protestas en esta provincia.<\/p>\n<p>A trav\u00e9s de su cuenta en la red social X, el secretario de Estado resalt\u00f3 que \u201cEcuador est\u00e1 en paz\u201d.<\/p>\n<p>La tarde de este mi\u00e9rcoles, 15 de septiembre de 2025, el ministro Reimberg y dirigentes ind\u00edgenas de cinco pueblos de Imbabura acordaron \u2018levantar\u2019 el paro en esta provincia, luego de veinticuatro d\u00edas de protestas, que dejaron decenas de heridos y tres comuneros muertos.<\/p>\n<p>Publicidad<\/p>\n<p>Luego del di\u00e1logo, el presidente de la Federaci\u00f3n de los Pueblos Kichwas de la Sierra Norte (Chijallta FICI), Mes\u00edas Flores, anunci\u00f3 que se retiran a sus territorios y se declaran en asambleas permanentes, pero esperan la respuesta del Gobierno nacional a sus demandas.<\/p>\n<p>Imbabura fue el epicentro de las manifestaciones que inici\u00f3 la Confederaci\u00f3n de Nacionalidades Ind\u00edgenas del Ecuador (Conaie), en contra de la eliminaci\u00f3n del subsidio al di\u00e9sel, que se concret\u00f3 a trav\u00e9s del Decreto Ejecutivo n.\u00ba 126, firmado por el presdiente Daniel Noboa el 12 de septiembre.<\/p>\n","protected":false},"excerpt":{"rendered":"<p>\u201cEl Gobierno del presidente Daniel Noboa es de di\u00e1logo, de consensos y de palabra\u201d, fue la reacci\u00f3n del ministro del Interior, John Reimberg, tras el acuerdo al que lleg\u00f3 el Ejecutivo con el movimiento ind\u00edgena de Imbabura para poner un alto a las protestas en esta provincia. A trav\u00e9s de su cuenta en la red [&hellip;]<\/p>\n","protected":false},"author":1,"featured_media":16451,"comment_status":"open","ping_status":"open","sticky":false,"template":"","format":"standard","meta":{"footnotes":""},"categories":[12],"tags":[],"_links":{"self":[{"href":"https:\/\/infozamoraec.com\/index.php\/wp-json\/wp\/v2\/posts\/16450"}],"collection":[{"href":"https:\/\/infozamoraec.com\/index.php\/wp-json\/wp\/v2\/posts"}],"about":[{"href":"https:\/\/infozamoraec.com\/index.php\/wp-json\/wp\/v2\/types\/post"}],"author":[{"embeddable":true,"href":"https:\/\/infozamoraec.com\/index.php\/wp-json\/wp\/v2\/users\/1"}],"replies":[{"embeddable":true,"href":"https:\/\/infozamoraec.com\/index.php\/wp-json\/wp\/v2\/comments?post=16450"}],"version-history":[{"count":1,"href":"https:\/\/infozamoraec.com\/index.php\/wp-json\/wp\/v2\/posts\/16450\/revisions"}],"predecessor-version":[{"id":16452,"href":"https:\/\/infozamoraec.com\/index.php\/wp-json\/wp\/v2\/posts\/16450\/revisions\/16452"}],"wp:featuredmedia":[{"embeddable":true,"href":"https:\/\/infozamoraec.com\/index.php\/wp-json\/wp\/v2\/media\/16451"}],"wp:attachment":[{"href":"https:\/\/infozamoraec.com\/index.php\/wp-json\/wp\/v2\/media?parent=16450"}],"wp:term":[{"taxonomy":"category","embeddable":true,"href":"https:\/\/infozamoraec.com\/index.php\/wp-json\/wp\/v2\/categories?post=16450"},{"taxonomy":"post_tag","embeddable":true,"href":"https:\/\/infozamoraec.com\/index.php\/wp-json\/wp\/v2\/tags?post=16450"}],"curies":[{"name":"wp","href":"https:\/\/api.w.org\/{rel}","templated":true}]}}