{"id":16447,"date":"2025-10-16T00:55:32","date_gmt":"2025-10-16T00:55:32","guid":{"rendered":"https:\/\/infozamoraec.com\/?p=16447"},"modified":"2025-10-16T00:55:32","modified_gmt":"2025-10-16T00:55:32","slug":"rafael-correa-dificil-creer-que-no-fue-un-autoatentado-del-gringo-toxicomano","status":"publish","type":"post","link":"https:\/\/infozamoraec.com\/index.php\/2025\/10\/16\/rafael-correa-dificil-creer-que-no-fue-un-autoatentado-del-gringo-toxicomano\/","title":{"rendered":"Rafael Correa: \u00abDif\u00edcil creer que no fue un autoatentado del gringo toxic\u00f3mano\u00bb"},"content":{"rendered":"<p>Tras la explosi\u00f3n de un\u00a0<strong>coche bomba<\/strong>\u00a0en las inmediaciones del centro comercial\u00a0<strong>Mall del Sol<\/strong>, que dej\u00f3 varios heridos y una persona fallecida, el hecho ha sido duramente criticado y ha reavivado el debate sobre la violencia que a\u00fan azota al pa\u00eds.<\/p>\n<p>El expresidente<strong>\u00a0Rafael Correa\u00a0<\/strong>tambi\u00e9n se pronunci\u00f3 al respecto a trav\u00e9s de su cuenta en X (antes Twitter), dejando un mensaje contundente:<\/p>\n<p>\u00ab\u00a1Qu\u00e9 te hicieron, Patria querida! Mi solidaridad con los familiares de los muertos y heridos en esta barbarie inaudita en el pa\u00eds.\u00bb<\/p>\n<p>Sin embargo, su mensaje no se limit\u00f3 a expresar condolencias. Correa tambi\u00e9n lanz\u00f3 una grave acusaci\u00f3n: \u00abDespu\u00e9s de tanta farsa, desinformaci\u00f3n y falta de escr\u00fapulos, \u00a1qu\u00e9 dif\u00edcil es tratar de creer que no fue un autoatentado del gringo toxic\u00f3mano que funge fraudulentamente de presidente!\u00bb.<\/p>\n<p>&nbsp;<\/p>\n","protected":false},"excerpt":{"rendered":"<p>Tras la explosi\u00f3n de un\u00a0coche bomba\u00a0en las inmediaciones del centro comercial\u00a0Mall del Sol, que dej\u00f3 varios heridos y una persona fallecida, el hecho ha sido duramente criticado y ha reavivado el debate sobre la violencia que a\u00fan azota al pa\u00eds. El expresidente\u00a0Rafael Correa\u00a0tambi\u00e9n se pronunci\u00f3 al respecto a trav\u00e9s de su cuenta en X (antes [&hellip;]<\/p>\n","protected":false},"author":1,"featured_media":16448,"comment_status":"open","ping_status":"open","sticky":false,"template":"","format":"standard","meta":{"footnotes":""},"categories":[12],"tags":[],"_links":{"self":[{"href":"https:\/\/infozamoraec.com\/index.php\/wp-json\/wp\/v2\/posts\/16447"}],"collection":[{"href":"https:\/\/infozamoraec.com\/index.php\/wp-json\/wp\/v2\/posts"}],"about":[{"href":"https:\/\/infozamoraec.com\/index.php\/wp-json\/wp\/v2\/types\/post"}],"author":[{"embeddable":true,"href":"https:\/\/infozamoraec.com\/index.php\/wp-json\/wp\/v2\/users\/1"}],"replies":[{"embeddable":true,"href":"https:\/\/infozamoraec.com\/index.php\/wp-json\/wp\/v2\/comments?post=16447"}],"version-history":[{"count":1,"href":"https:\/\/infozamoraec.com\/index.php\/wp-json\/wp\/v2\/posts\/16447\/revisions"}],"predecessor-version":[{"id":16449,"href":"https:\/\/infozamoraec.com\/index.php\/wp-json\/wp\/v2\/posts\/16447\/revisions\/16449"}],"wp:featuredmedia":[{"embeddable":true,"href":"https:\/\/infozamoraec.com\/index.php\/wp-json\/wp\/v2\/media\/16448"}],"wp:attachment":[{"href":"https:\/\/infozamoraec.com\/index.php\/wp-json\/wp\/v2\/media?parent=16447"}],"wp:term":[{"taxonomy":"category","embeddable":true,"href":"https:\/\/infozamoraec.com\/index.php\/wp-json\/wp\/v2\/categories?post=16447"},{"taxonomy":"post_tag","embeddable":true,"href":"https:\/\/infozamoraec.com\/index.php\/wp-json\/wp\/v2\/tags?post=16447"}],"curies":[{"name":"wp","href":"https:\/\/api.w.org\/{rel}","templated":true}]}}