{"id":16444,"date":"2025-10-16T00:52:49","date_gmt":"2025-10-16T00:52:49","guid":{"rendered":"https:\/\/infozamoraec.com\/?p=16444"},"modified":"2025-10-16T00:52:49","modified_gmt":"2025-10-16T00:52:49","slug":"paro-llega-a-su-fin-tras-dialogo-entre-el-gobierno-e-indigenas-de-otavalo","status":"publish","type":"post","link":"https:\/\/infozamoraec.com\/index.php\/2025\/10\/16\/paro-llega-a-su-fin-tras-dialogo-entre-el-gobierno-e-indigenas-de-otavalo\/","title":{"rendered":"Paro llega a su fin tras di\u00e1logo entre el Gobierno e ind\u00edgenas de Otavalo"},"content":{"rendered":"<p data-start=\"74\" data-end=\"412\">Imbabura.- Tras 24 d\u00edas de protestas en la provincia de Imbabura, convocadas por la <strong data-start=\"158\" data-end=\"168\">Conaie<\/strong> en rechazo a la eliminaci\u00f3n del subsidio al di\u00e9sel, la dirigencia ind\u00edgena anunci\u00f3 el levantamiento del paro luego de una reuni\u00f3n de cuatro horas con representantes del <strong data-start=\"338\" data-end=\"350\">Gobierno<\/strong>, liderados por el ministro del Interior, <strong data-start=\"392\" data-end=\"409\">John Reimberg<\/strong>.<\/p>\n<p data-start=\"414\" data-end=\"719\">El acuerdo, alcanzado el <strong data-start=\"439\" data-end=\"464\">15 de octubre de 2025<\/strong>, contempla la instalaci\u00f3n de <strong data-start=\"494\" data-end=\"517\">mesas territoriales<\/strong> para avanzar en la discusi\u00f3n de propuestas como la posible congelaci\u00f3n del costo del di\u00e9sel y la revisi\u00f3n de la situaci\u00f3n jur\u00eddica de aproximadamente 50 personas detenidas durante las movilizaciones.<\/p>\n<p data-start=\"721\" data-end=\"923\">El di\u00e1logo cont\u00f3 con la mediaci\u00f3n de <strong data-start=\"758\" data-end=\"778\">Cristian Andrade<\/strong>, p\u00e1rroco de Otavalo, quien se\u00f1al\u00f3 que las calles de la ciudad quedaron libres y solicit\u00f3 el retiro del personal militar desplegado en la zona.<\/p>\n<p data-start=\"925\" data-end=\"1109\">Aunque la ma\u00f1ana de este mi\u00e9rcoles no se reportaron manifestaciones ni enfrentamientos en <strong data-start=\"1015\" data-end=\"1026\">Otavalo<\/strong>, a\u00fan permanecen v\u00edas cerradas en otras partes de Imbabura y provincias aleda\u00f1as.<\/p>\n<p data-start=\"1111\" data-end=\"1345\" data-is-last-node=\"\" data-is-only-node=\"\">Por su parte, la <strong data-start=\"1128\" data-end=\"1138\">Conaie<\/strong> ratific\u00f3 que mantiene su movilizaci\u00f3n a nivel nacional, tras un <strong data-start=\"1203\" data-end=\"1223\">Consejo Ampliado<\/strong> realizado en Quito, pero en Imbabura se suspendieron temporalmente las acciones de calle tras el acuerdo con el Gobierno.<\/p>\n","protected":false},"excerpt":{"rendered":"<p>Imbabura.- Tras 24 d\u00edas de protestas en la provincia de Imbabura, convocadas por la Conaie en rechazo a la eliminaci\u00f3n del subsidio al di\u00e9sel, la dirigencia ind\u00edgena anunci\u00f3 el levantamiento del paro luego de una reuni\u00f3n de cuatro horas con representantes del Gobierno, liderados por el ministro del Interior, John Reimberg. El acuerdo, alcanzado el [&hellip;]<\/p>\n","protected":false},"author":1,"featured_media":16445,"comment_status":"open","ping_status":"open","sticky":false,"template":"","format":"standard","meta":{"footnotes":""},"categories":[12],"tags":[],"_links":{"self":[{"href":"https:\/\/infozamoraec.com\/index.php\/wp-json\/wp\/v2\/posts\/16444"}],"collection":[{"href":"https:\/\/infozamoraec.com\/index.php\/wp-json\/wp\/v2\/posts"}],"about":[{"href":"https:\/\/infozamoraec.com\/index.php\/wp-json\/wp\/v2\/types\/post"}],"author":[{"embeddable":true,"href":"https:\/\/infozamoraec.com\/index.php\/wp-json\/wp\/v2\/users\/1"}],"replies":[{"embeddable":true,"href":"https:\/\/infozamoraec.com\/index.php\/wp-json\/wp\/v2\/comments?post=16444"}],"version-history":[{"count":1,"href":"https:\/\/infozamoraec.com\/index.php\/wp-json\/wp\/v2\/posts\/16444\/revisions"}],"predecessor-version":[{"id":16446,"href":"https:\/\/infozamoraec.com\/index.php\/wp-json\/wp\/v2\/posts\/16444\/revisions\/16446"}],"wp:featuredmedia":[{"embeddable":true,"href":"https:\/\/infozamoraec.com\/index.php\/wp-json\/wp\/v2\/media\/16445"}],"wp:attachment":[{"href":"https:\/\/infozamoraec.com\/index.php\/wp-json\/wp\/v2\/media?parent=16444"}],"wp:term":[{"taxonomy":"category","embeddable":true,"href":"https:\/\/infozamoraec.com\/index.php\/wp-json\/wp\/v2\/categories?post=16444"},{"taxonomy":"post_tag","embeddable":true,"href":"https:\/\/infozamoraec.com\/index.php\/wp-json\/wp\/v2\/tags?post=16444"}],"curies":[{"name":"wp","href":"https:\/\/api.w.org\/{rel}","templated":true}]}}