{"id":16439,"date":"2025-10-16T00:45:19","date_gmt":"2025-10-16T00:45:19","guid":{"rendered":"https:\/\/infozamoraec.com\/?p=16439"},"modified":"2025-10-16T00:47:48","modified_gmt":"2025-10-16T00:47:48","slug":"inicia-taller-sobre-justificacion-de-recursos-del-fondo-de-desarrollo-sostenible-amazonico-en-zamora-chinchipe","status":"publish","type":"post","link":"https:\/\/infozamoraec.com\/index.php\/2025\/10\/16\/inicia-taller-sobre-justificacion-de-recursos-del-fondo-de-desarrollo-sostenible-amazonico-en-zamora-chinchipe\/","title":{"rendered":"Inicia taller sobre justificaci\u00f3n de recursos del Fondo de Desarrollo Sostenible Amaz\u00f3nico en Zamora Chinchipe"},"content":{"rendered":"<p data-start=\"118\" data-end=\"692\">La ma\u00f1ana de este mi\u00e9rcoles 15 de octubre de 2025, en el Sal\u00f3n del Pueblo del GAD Municipal de\u00a0 Zamora se dio inicio al taller titulado <strong data-start=\"211\" data-end=\"604\">\u201cJustificaci\u00f3n de los recursos recibidos por los GAD por concepto del Fondo de Desarrollo Sostenible Amaz\u00f3nico dispuesto en la Ley Org\u00e1nica para la Planificaci\u00f3n Integral de la Circunscripci\u00f3n Territorial Especial Amaz\u00f3nica (LOPICTEA), explicaci\u00f3n de la base legal y de las fuentes de informaci\u00f3n sobre el c\u00e1lculo de la exportaci\u00f3n y venta petrolera utilizadas para los reportes del fondo\u201d<\/strong>, dirigido a directores, t\u00e9cnicos y jefes de diferentes departamentos de la provincia.<\/p>\n<p data-start=\"694\" data-end=\"1055\">El evento, \u00a0cont\u00f3 con la presencia de <strong data-start=\"769\" data-end=\"788\">Manuel Gonz\u00e1lez<\/strong>, alcalde del cant\u00f3n Zamora; <strong data-start=\"817\" data-end=\"837\">Jessica Fern\u00e1ndez<\/strong>, directora financiera del Consorcio de Municipios Amaz\u00f3nicos y Gal\u00e1pagos; delegados de la Secretar\u00eda T\u00e9cnica de la Amazonia, as\u00ed como directores y jefes de instituciones provinciales convocadas para la capacitaci\u00f3n.<\/p>\n<p data-start=\"1057\" data-end=\"1415\" data-is-last-node=\"\" data-is-only-node=\"\">La actividad, que se desarrollar\u00e1 <strong data-start=\"1091\" data-end=\"1130\">mi\u00e9rcoles 15 y jueves 16 de octubre<\/strong>, busca fortalecer la gesti\u00f3n y transparencia en la <strong data-start=\"1182\" data-end=\"1261\">administraci\u00f3n de los recursos del Fondo de Desarrollo Sostenible Amaz\u00f3nico<\/strong>, proporcionando herramientas t\u00e9cnicas sobre la base legal y los m\u00e9todos de c\u00e1lculo de exportaci\u00f3n y venta petrolera utilizados en los reportes del fondo.<\/p>\n","protected":false},"excerpt":{"rendered":"<p>La ma\u00f1ana de este mi\u00e9rcoles 15 de octubre de 2025, en el Sal\u00f3n del Pueblo del GAD Municipal de\u00a0 Zamora se dio inicio al taller titulado \u201cJustificaci\u00f3n de los recursos recibidos por los GAD por concepto del Fondo de Desarrollo Sostenible Amaz\u00f3nico dispuesto en la Ley Org\u00e1nica para la Planificaci\u00f3n Integral de la Circunscripci\u00f3n Territorial [&hellip;]<\/p>\n","protected":false},"author":1,"featured_media":16440,"comment_status":"open","ping_status":"open","sticky":false,"template":"","format":"standard","meta":{"footnotes":""},"categories":[9],"tags":[],"_links":{"self":[{"href":"https:\/\/infozamoraec.com\/index.php\/wp-json\/wp\/v2\/posts\/16439"}],"collection":[{"href":"https:\/\/infozamoraec.com\/index.php\/wp-json\/wp\/v2\/posts"}],"about":[{"href":"https:\/\/infozamoraec.com\/index.php\/wp-json\/wp\/v2\/types\/post"}],"author":[{"embeddable":true,"href":"https:\/\/infozamoraec.com\/index.php\/wp-json\/wp\/v2\/users\/1"}],"replies":[{"embeddable":true,"href":"https:\/\/infozamoraec.com\/index.php\/wp-json\/wp\/v2\/comments?post=16439"}],"version-history":[{"count":3,"href":"https:\/\/infozamoraec.com\/index.php\/wp-json\/wp\/v2\/posts\/16439\/revisions"}],"predecessor-version":[{"id":16443,"href":"https:\/\/infozamoraec.com\/index.php\/wp-json\/wp\/v2\/posts\/16439\/revisions\/16443"}],"wp:featuredmedia":[{"embeddable":true,"href":"https:\/\/infozamoraec.com\/index.php\/wp-json\/wp\/v2\/media\/16440"}],"wp:attachment":[{"href":"https:\/\/infozamoraec.com\/index.php\/wp-json\/wp\/v2\/media?parent=16439"}],"wp:term":[{"taxonomy":"category","embeddable":true,"href":"https:\/\/infozamoraec.com\/index.php\/wp-json\/wp\/v2\/categories?post=16439"},{"taxonomy":"post_tag","embeddable":true,"href":"https:\/\/infozamoraec.com\/index.php\/wp-json\/wp\/v2\/tags?post=16439"}],"curies":[{"name":"wp","href":"https:\/\/api.w.org\/{rel}","templated":true}]}}