{"id":16432,"date":"2025-10-16T00:34:40","date_gmt":"2025-10-16T00:34:40","guid":{"rendered":"https:\/\/infozamoraec.com\/?p=16432"},"modified":"2025-10-16T00:34:40","modified_gmt":"2025-10-16T00:34:40","slug":"nuevo-robo-a-gasolinera-en-yantzaza-moviliza-operativo-policial-y-deja-un-detenido","status":"publish","type":"post","link":"https:\/\/infozamoraec.com\/index.php\/2025\/10\/16\/nuevo-robo-a-gasolinera-en-yantzaza-moviliza-operativo-policial-y-deja-un-detenido\/","title":{"rendered":"Nuevo robo a gasolinera en Yantzaza moviliza operativo policial y deja un detenido"},"content":{"rendered":"<p>La Polic\u00eda Nacional del Ecuador inform\u00f3 que este martes se registr\u00f3 un robo en una gasolinera del cant\u00f3n Yantzaza, lo que provoc\u00f3 la inmediata activaci\u00f3n de protocolos de seguridad en la zona.<\/p>\n<p>Durante la operaci\u00f3n, se logr\u00f3 la aprehensi\u00f3n de un ciudadano presuntamente vinculado al hecho delictivo. Adem\u00e1s, los uniformados decomisaron sustancias sujetas a fiscalizaci\u00f3n, material explosivo tipo dinamita y una motocicleta reportada como robada, lo que intensific\u00f3 los operativos de control en el cant\u00f3n.<\/p>\n<p>El Mayor Loendy Granda, Jefe del Distrito Yantzaza, lidera el operativo con el apoyo de las unidades preventiva, investigativa e inteligencia, garantizando la b\u00fasqueda y captura de todos los responsables del robo.<\/p>\n<p>La Polic\u00eda Nacional reiter\u00f3 que continuar\u00e1 con las acciones de identificaci\u00f3n y aprehensi\u00f3n durante la noche y madrugada, reafirmando su compromiso con la seguridad de la ciudadan\u00eda y la prevenci\u00f3n del delito.<\/p>\n","protected":false},"excerpt":{"rendered":"<p>La Polic\u00eda Nacional del Ecuador inform\u00f3 que este martes se registr\u00f3 un robo en una gasolinera del cant\u00f3n Yantzaza, lo que provoc\u00f3 la inmediata activaci\u00f3n de protocolos de seguridad en la zona. Durante la operaci\u00f3n, se logr\u00f3 la aprehensi\u00f3n de un ciudadano presuntamente vinculado al hecho delictivo. Adem\u00e1s, los uniformados decomisaron sustancias sujetas a fiscalizaci\u00f3n, [&hellip;]<\/p>\n","protected":false},"author":1,"featured_media":16433,"comment_status":"open","ping_status":"open","sticky":false,"template":"","format":"standard","meta":{"footnotes":""},"categories":[9],"tags":[],"_links":{"self":[{"href":"https:\/\/infozamoraec.com\/index.php\/wp-json\/wp\/v2\/posts\/16432"}],"collection":[{"href":"https:\/\/infozamoraec.com\/index.php\/wp-json\/wp\/v2\/posts"}],"about":[{"href":"https:\/\/infozamoraec.com\/index.php\/wp-json\/wp\/v2\/types\/post"}],"author":[{"embeddable":true,"href":"https:\/\/infozamoraec.com\/index.php\/wp-json\/wp\/v2\/users\/1"}],"replies":[{"embeddable":true,"href":"https:\/\/infozamoraec.com\/index.php\/wp-json\/wp\/v2\/comments?post=16432"}],"version-history":[{"count":1,"href":"https:\/\/infozamoraec.com\/index.php\/wp-json\/wp\/v2\/posts\/16432\/revisions"}],"predecessor-version":[{"id":16434,"href":"https:\/\/infozamoraec.com\/index.php\/wp-json\/wp\/v2\/posts\/16432\/revisions\/16434"}],"wp:featuredmedia":[{"embeddable":true,"href":"https:\/\/infozamoraec.com\/index.php\/wp-json\/wp\/v2\/media\/16433"}],"wp:attachment":[{"href":"https:\/\/infozamoraec.com\/index.php\/wp-json\/wp\/v2\/media?parent=16432"}],"wp:term":[{"taxonomy":"category","embeddable":true,"href":"https:\/\/infozamoraec.com\/index.php\/wp-json\/wp\/v2\/categories?post=16432"},{"taxonomy":"post_tag","embeddable":true,"href":"https:\/\/infozamoraec.com\/index.php\/wp-json\/wp\/v2\/tags?post=16432"}],"curies":[{"name":"wp","href":"https:\/\/api.w.org\/{rel}","templated":true}]}}