{"id":16428,"date":"2025-10-16T00:24:34","date_gmt":"2025-10-16T00:24:34","guid":{"rendered":"https:\/\/infozamoraec.com\/?p=16428"},"modified":"2025-10-16T00:26:05","modified_gmt":"2025-10-16T00:26:05","slug":"una-persona-fallece-en-accidente-de-transito-en-el-sector-la-recta-canton-el-pangui","status":"publish","type":"post","link":"https:\/\/infozamoraec.com\/index.php\/2025\/10\/16\/una-persona-fallece-en-accidente-de-transito-en-el-sector-la-recta-canton-el-pangui\/","title":{"rendered":"Una persona fallece en accidente de tr\u00e1nsito en el sector La Recta, cant\u00f3n El Pangui"},"content":{"rendered":"<p data-start=\"92\" data-end=\"330\">La noche del martes 14 de octubre de 2025, aproximadamente a las 19h20, se registr\u00f3 un accidente de tr\u00e1nsito en la avenida Troncal Amaz\u00f3nica, sector La Recta, perteneciente al cant\u00f3n El Pangui, provincia de Zamora Chinchipe.<\/p>\n<p data-start=\"332\" data-end=\"570\">Seg\u00fan el reporte al que\u00a0 accedi\u00f3 este medio de comunicaci\u00f3n, el siniestro se trat\u00f3 de un <em data-start=\"401\" data-end=\"428\">choque frontal exc\u00e9ntrico<\/em> entre dos veh\u00edculos: un autom\u00f3vil marca Honda, color negro, y un autob\u00fas marca Hino, color amarillo, de\u00a0 servicio escolar e institucional.<\/p>\n<p data-start=\"572\" data-end=\"787\">Producto del impacto, se confirm\u00f3 el fallecimiento de <strong data-start=\"626\" data-end=\"654\">Hermel Fabi\u00e1n Y. Ch.<\/strong>, de 32 a\u00f1os de edad, quien se trasladaba en uno de los veh\u00edculos involucrados. No se registraron personas heridas ni aprehendidas.<\/p>\n<p data-start=\"789\" data-end=\"1123\">Personal policial\u00a0 acudi\u00f3 al sitio tras la alerta emitida por el ECU 911, constatando la gravedad del accidente y procediendo con el aislamiento del lugar. Al sitio tambi\u00e9n acudi\u00f3 el fiscal de turno del cant\u00f3n El Pangui y al personal del Servicio de Investigaci\u00f3n de Accidentes de Tr\u00e1nsito (SIAT) para las diligencias respectivas.<\/p>\n<p data-start=\"1125\" data-end=\"1419\">Sin embargo, los familiares del fallecido, pertenecientes a la comunidad Shuar de Las Pe\u00f1as (provincia de Morona Santiago), se negaron a que se realizara el levantamiento del cad\u00e1ver, argumentando sus costumbres y leyes ancestrales, por lo que retiraron el cuerpo del lugar por cuenta propia.<\/p>\n","protected":false},"excerpt":{"rendered":"<p>La noche del martes 14 de octubre de 2025, aproximadamente a las 19h20, se registr\u00f3 un accidente de tr\u00e1nsito en la avenida Troncal Amaz\u00f3nica, sector La Recta, perteneciente al cant\u00f3n El Pangui, provincia de Zamora Chinchipe. Seg\u00fan el reporte al que\u00a0 accedi\u00f3 este medio de comunicaci\u00f3n, el siniestro se trat\u00f3 de un choque frontal exc\u00e9ntrico [&hellip;]<\/p>\n","protected":false},"author":1,"featured_media":16429,"comment_status":"open","ping_status":"open","sticky":false,"template":"","format":"standard","meta":{"footnotes":""},"categories":[9],"tags":[],"_links":{"self":[{"href":"https:\/\/infozamoraec.com\/index.php\/wp-json\/wp\/v2\/posts\/16428"}],"collection":[{"href":"https:\/\/infozamoraec.com\/index.php\/wp-json\/wp\/v2\/posts"}],"about":[{"href":"https:\/\/infozamoraec.com\/index.php\/wp-json\/wp\/v2\/types\/post"}],"author":[{"embeddable":true,"href":"https:\/\/infozamoraec.com\/index.php\/wp-json\/wp\/v2\/users\/1"}],"replies":[{"embeddable":true,"href":"https:\/\/infozamoraec.com\/index.php\/wp-json\/wp\/v2\/comments?post=16428"}],"version-history":[{"count":2,"href":"https:\/\/infozamoraec.com\/index.php\/wp-json\/wp\/v2\/posts\/16428\/revisions"}],"predecessor-version":[{"id":16431,"href":"https:\/\/infozamoraec.com\/index.php\/wp-json\/wp\/v2\/posts\/16428\/revisions\/16431"}],"wp:featuredmedia":[{"embeddable":true,"href":"https:\/\/infozamoraec.com\/index.php\/wp-json\/wp\/v2\/media\/16429"}],"wp:attachment":[{"href":"https:\/\/infozamoraec.com\/index.php\/wp-json\/wp\/v2\/media?parent=16428"}],"wp:term":[{"taxonomy":"category","embeddable":true,"href":"https:\/\/infozamoraec.com\/index.php\/wp-json\/wp\/v2\/categories?post=16428"},{"taxonomy":"post_tag","embeddable":true,"href":"https:\/\/infozamoraec.com\/index.php\/wp-json\/wp\/v2\/tags?post=16428"}],"curies":[{"name":"wp","href":"https:\/\/api.w.org\/{rel}","templated":true}]}}