{"id":16425,"date":"2025-10-15T01:32:36","date_gmt":"2025-10-15T01:32:36","guid":{"rendered":"https:\/\/infozamoraec.com\/?p=16425"},"modified":"2025-10-15T01:32:36","modified_gmt":"2025-10-15T01:32:36","slug":"guatemala-fuga-de-pandilleros-presos-genera-crisis-politica","status":"publish","type":"post","link":"https:\/\/infozamoraec.com\/index.php\/2025\/10\/15\/guatemala-fuga-de-pandilleros-presos-genera-crisis-politica\/","title":{"rendered":"Guatemala: fuga de pandilleros presos genera crisis pol\u00edtica"},"content":{"rendered":"<p>La fuga de 20 pandilleros \u00abde alta peligrosidad\u00bb desde una c\u00e1rcel desat\u00f3 una crisis pol\u00edtica en Guatemala, con cr\u00edticas al presidente Bernardo Ar\u00e9valo y llamados a que renuncie el ministro encargado de seguridad.<\/p>\n<p>Las autoridades revelaron el domingo la fuga de los reos de la pandilla Barrio 18, declarada organizaci\u00f3n \u00abterrorista\u00bb por Washington, desde la prisi\u00f3n Fraijanes II, situada cerca de la capital.<\/p>\n<p>Sin embargo, el gobierno no precis\u00f3 la fecha de la evasi\u00f3n, que ocurre en medio del aumento de homicidios en el pa\u00eds.<\/p>\n<p>Estados Unidos calific\u00f3 de \u00abinaceptable\u00bb la fuga, mientras pol\u00edticos, analistas y gremios empresariales alzaron sus voces contra la inacci\u00f3n del gobierno.<\/p>\n<p>\u00abCreo que es la crisis m\u00e1s grande del gobierno hasta el momento [&#8230;], porque a los ojos de Estados Unidos son 20 terroristas fugados\u00bb, dijo a la AFP el constitucionalista Edgar Ortiz.<\/p>\n<p>Esto \u00abha generado un efecto muy grande en materia de seguridad, pero tambi\u00e9n una crisis pol\u00edtica importante\u00bb, a\u00f1adi\u00f3.<\/p>\n<p>Tres diputados -entre ellos el presidente del Congreso, Nery Ramos- propusieron dictar r\u00e1pidamente una ley antipandillas que endurezca las penas.<\/p>\n<p>La semana pasada el gobierno envi\u00f3 al Congreso su propio proyecto de ley antipandillas, que tambi\u00e9n contempla un aumento de penas y la construcci\u00f3n de una c\u00e1rcel de m\u00e1xima seguridad.<\/p>\n<p>El gobierno reforz\u00f3 la vigilancia en las c\u00e1rceles y fronteras de El Salvador, Honduras y M\u00e9xico y ofreci\u00f3 recompensas por los fugados. Hasta ahora solo uno ha sido recapturado.<\/p>\n<p>\u00abEs un tema grave\u00bb, dijo a la AFP el analista Francisco Quezada, del Centro de Investigaciones Econ\u00f3micas Nacionales (CIEN).<\/p>\n<p>La percepci\u00f3n \u00abde inseguridad va a crecer, porque ya estaba alta por la din\u00e1mica de las pandillas y ahora estas personas est\u00e1n libres\u00bb, advirti\u00f3.<\/p>\n<p>\u00abLiderazgo d\u00e9bil\u00bb<br \/>\nCuando se hizo p\u00fablica la fuga, Ar\u00e9valo se encontraba en Europa, donde se reuni\u00f3 el s\u00e1bado con el papa Le\u00f3n XIV, y regres\u00f3 a Guatemala el lunes en la noche.<\/p>\n<p>\u00abCreo que la crisis se ha hecho m\u00e1s grande por la ausencia del presidente. Han pasado 48 horas y no hay pronunciamiento presidencial en una crisis de este tama\u00f1o\u00bb, se\u00f1al\u00f3 Ortiz.<\/p>\n<p>Distintas bancadas del Congreso, incluida la oficialista, han pedido la renuncia del ministro de Gobernaci\u00f3n, Francisco Jim\u00e9nez, a quien consideran responsable de la fuga.<\/p>\n<p>El ministro destituy\u00f3 al jefe del sistema penitenciario y al director y subdirector de Fraijanes II, pero ha descartado dimitir.<\/p>\n<p>Los analistas estiman que existe una falla \u00abestructural\u00bb en el sistema penitenciario nacional.<\/p>\n<p>\u00abSe suman muchos factores y al final de cuentas evidencian un liderazgo d\u00e9bil ante una crisis como la que vivimos de parte del presidente\u00bb, sentenci\u00f3 Ortiz.<\/p>\n<p>Quezada indic\u00f3 que si bien en todos los pa\u00edses hay fugas de reos, \u00abel problema ac\u00e1 es que al d\u00eda de hoy no se logra establecer cu\u00e1l fue la raz\u00f3n por la que [los pandilleros] salieron por la puerta principal\u00bb de la c\u00e1rcel.<\/p>\n<p>\u00abMilitarizar c\u00e1rceles\u00bb<br \/>\nLa C\u00e1mara Guatemalteca de Comercio se\u00f1al\u00f3 que esta fuga constituye un \u00abgrave atentado contra la seguridad nacional\u00bb y \u00abel colapso y fracaso del sistema de seguridad\u00bb.<\/p>\n<p>Por ello, la C\u00e1mara pidi\u00f3 decretar un \u00abestado de prevenci\u00f3n que permita salir al Ej\u00e9rcito a las calles en resguardo de la ciudadan\u00eda\u00bb y \u00abmilitarizar y tomar control de las c\u00e1rceles\u00bb.<\/p>\n<p>El 23 de septiembre Estados Unidos declar\u00f3 como organizaci\u00f3n \u00abterrorista\u00bb a la pandilla Barrio 18, luego de hacerlo meses antes con su antag\u00f3nica Mara Salvatrucha.<\/p>\n<p>Ambas pandillas son responsables de la violencia que vive el pa\u00eds y se dedican a extorsionar a comerciantes y empresarios de transporte de pasajeros.<\/p>\n<p>La tasa de homicidios en el pa\u00eds pas\u00f3 de 16,1 por cada 100.000 habitantes en 2024 a 17,65 homicidios este a\u00f1o (m\u00e1s del doble del promedio mundial), de acuerdo al CIEN.<\/p>\n<p>mg (afp, Prensa Libre)<\/p>\n","protected":false},"excerpt":{"rendered":"<p>La fuga de 20 pandilleros \u00abde alta peligrosidad\u00bb desde una c\u00e1rcel desat\u00f3 una crisis pol\u00edtica en Guatemala, con cr\u00edticas al presidente Bernardo Ar\u00e9valo y llamados a que renuncie el ministro encargado de seguridad. Las autoridades revelaron el domingo la fuga de los reos de la pandilla Barrio 18, declarada organizaci\u00f3n \u00abterrorista\u00bb por Washington, desde la [&hellip;]<\/p>\n","protected":false},"author":1,"featured_media":16426,"comment_status":"open","ping_status":"open","sticky":false,"template":"","format":"standard","meta":{"footnotes":""},"categories":[8],"tags":[],"_links":{"self":[{"href":"https:\/\/infozamoraec.com\/index.php\/wp-json\/wp\/v2\/posts\/16425"}],"collection":[{"href":"https:\/\/infozamoraec.com\/index.php\/wp-json\/wp\/v2\/posts"}],"about":[{"href":"https:\/\/infozamoraec.com\/index.php\/wp-json\/wp\/v2\/types\/post"}],"author":[{"embeddable":true,"href":"https:\/\/infozamoraec.com\/index.php\/wp-json\/wp\/v2\/users\/1"}],"replies":[{"embeddable":true,"href":"https:\/\/infozamoraec.com\/index.php\/wp-json\/wp\/v2\/comments?post=16425"}],"version-history":[{"count":1,"href":"https:\/\/infozamoraec.com\/index.php\/wp-json\/wp\/v2\/posts\/16425\/revisions"}],"predecessor-version":[{"id":16427,"href":"https:\/\/infozamoraec.com\/index.php\/wp-json\/wp\/v2\/posts\/16425\/revisions\/16427"}],"wp:featuredmedia":[{"embeddable":true,"href":"https:\/\/infozamoraec.com\/index.php\/wp-json\/wp\/v2\/media\/16426"}],"wp:attachment":[{"href":"https:\/\/infozamoraec.com\/index.php\/wp-json\/wp\/v2\/media?parent=16425"}],"wp:term":[{"taxonomy":"category","embeddable":true,"href":"https:\/\/infozamoraec.com\/index.php\/wp-json\/wp\/v2\/categories?post=16425"},{"taxonomy":"post_tag","embeddable":true,"href":"https:\/\/infozamoraec.com\/index.php\/wp-json\/wp\/v2\/tags?post=16425"}],"curies":[{"name":"wp","href":"https:\/\/api.w.org\/{rel}","templated":true}]}}