{"id":16419,"date":"2025-10-15T01:25:47","date_gmt":"2025-10-15T01:25:47","guid":{"rendered":"https:\/\/infozamoraec.com\/?p=16419"},"modified":"2025-10-15T01:25:47","modified_gmt":"2025-10-15T01:25:47","slug":"sheinbaum-visita-a-damnificados-por-lluvias-entre-protestas","status":"publish","type":"post","link":"https:\/\/infozamoraec.com\/index.php\/2025\/10\/15\/sheinbaum-visita-a-damnificados-por-lluvias-entre-protestas\/","title":{"rendered":"Sheinbaum visita a damnificados por lluvias, entre protestas"},"content":{"rendered":"<p>Claudia Sheinbaum, presidenta de M\u00e9xico, visit\u00f3 este lunes 13 de octubre los estados centrales de Hidalgo y Quer\u00e9taro, como parte de su recorrido por las regiones m\u00e1s golpeadas por las lluvias que azotaron el pa\u00eds en d\u00edas recientes, en medio de protestas por falta de apoyos en algunas zonas afectadas.<\/p>\n<p>En Pachuca, capital de Hidalgo, Sheinbaum supervis\u00f3 las labores de emergencia en el centro de comando habilitado por las autoridades en el aeropuerto de la ciudad para distribuir v\u00edveres hacia las comunidades afectadas. Adem\u00e1s, la presidenta mexicana sobrevol\u00f3 la zona en helic\u00f3ptero, seg\u00fan un video compartido en sus redes sociales.<\/p>\n<p>Protesta en Hidalgo, im\u00e1genes de Quer\u00e9taro<br \/>\nPreviamente, decenas de personas protestaron frente al Palacio de Gobierno de Hidalgo, en Pachuca, para exigir que se aceleren las labores de auxilio en localidades serranas donde hay cientos de damnificados que permanecen incomunicados desde el jueves pasado, seg\u00fan dijeron los manifestantes a medios locales.<\/p>\n<p>Sheinbaum comenz\u00f3 su recorrido del lunes en el estado de Quer\u00e9taro, donde a diferencia de Hidalgo, comparti\u00f3 im\u00e1genes de su visita a pie por las comunidades m\u00e1s afectadas por las lluvias, como Pinal de Amores y Puente de Dios.<\/p>\n<p>\u00abEn compa\u00f1\u00eda de integrantes del Gobierno federal, visitamos Quer\u00e9taro e Hidalgo, donde nos comprometimos a apoyar a todas y todos\u00bb, mencion\u00f3 la mandataria mexicana en un mensaje en su cuenta de X, acompa\u00f1ado del video de su recorrido.<\/p>\n","protected":false},"excerpt":{"rendered":"<p>Claudia Sheinbaum, presidenta de M\u00e9xico, visit\u00f3 este lunes 13 de octubre los estados centrales de Hidalgo y Quer\u00e9taro, como parte de su recorrido por las regiones m\u00e1s golpeadas por las lluvias que azotaron el pa\u00eds en d\u00edas recientes, en medio de protestas por falta de apoyos en algunas zonas afectadas. En Pachuca, capital de Hidalgo, [&hellip;]<\/p>\n","protected":false},"author":1,"featured_media":16420,"comment_status":"open","ping_status":"open","sticky":false,"template":"","format":"standard","meta":{"footnotes":""},"categories":[8],"tags":[],"_links":{"self":[{"href":"https:\/\/infozamoraec.com\/index.php\/wp-json\/wp\/v2\/posts\/16419"}],"collection":[{"href":"https:\/\/infozamoraec.com\/index.php\/wp-json\/wp\/v2\/posts"}],"about":[{"href":"https:\/\/infozamoraec.com\/index.php\/wp-json\/wp\/v2\/types\/post"}],"author":[{"embeddable":true,"href":"https:\/\/infozamoraec.com\/index.php\/wp-json\/wp\/v2\/users\/1"}],"replies":[{"embeddable":true,"href":"https:\/\/infozamoraec.com\/index.php\/wp-json\/wp\/v2\/comments?post=16419"}],"version-history":[{"count":1,"href":"https:\/\/infozamoraec.com\/index.php\/wp-json\/wp\/v2\/posts\/16419\/revisions"}],"predecessor-version":[{"id":16421,"href":"https:\/\/infozamoraec.com\/index.php\/wp-json\/wp\/v2\/posts\/16419\/revisions\/16421"}],"wp:featuredmedia":[{"embeddable":true,"href":"https:\/\/infozamoraec.com\/index.php\/wp-json\/wp\/v2\/media\/16420"}],"wp:attachment":[{"href":"https:\/\/infozamoraec.com\/index.php\/wp-json\/wp\/v2\/media?parent=16419"}],"wp:term":[{"taxonomy":"category","embeddable":true,"href":"https:\/\/infozamoraec.com\/index.php\/wp-json\/wp\/v2\/categories?post=16419"},{"taxonomy":"post_tag","embeddable":true,"href":"https:\/\/infozamoraec.com\/index.php\/wp-json\/wp\/v2\/tags?post=16419"}],"curies":[{"name":"wp","href":"https:\/\/api.w.org\/{rel}","templated":true}]}}