{"id":16408,"date":"2025-10-15T01:19:58","date_gmt":"2025-10-15T01:19:58","guid":{"rendered":"https:\/\/infozamoraec.com\/?p=16408"},"modified":"2025-10-15T01:19:58","modified_gmt":"2025-10-15T01:19:58","slug":"asamblea-exige-a-pabel-munoz-un-plan-de-seguridad-en-medio-de-protestas-de-la-conaie","status":"publish","type":"post","link":"https:\/\/infozamoraec.com\/index.php\/2025\/10\/15\/asamblea-exige-a-pabel-munoz-un-plan-de-seguridad-en-medio-de-protestas-de-la-conaie\/","title":{"rendered":"Asamblea exige a Pabel Mu\u00f1oz un plan de seguridad en medio de protestas de la Conaie"},"content":{"rendered":"<p>Con 78 votos afirmativos, el Pleno de la Asamblea Nacional aprueb\u00f3 la moci\u00f3n presentada por el asamble\u00edsta del oficialismo, Andr\u00e9s Castillo en cuya resoluci\u00f3n exige al cabildo quite\u00f1o y a sus concejales \u00abresguardar\u00bb Quito en medio del paro seccional de la Confederaci\u00f3n de Nacionalidades Ind\u00edgenas del Ecuador (CONAIE).<\/p>\n<p>Como primer punto, la Asamblea solicita requerir al Concejo Metropolitano de Quito para que d\u00e9 por estricto seguimiento a los planes y protocolos orientados a proteger y prevenir cualquier acto de violencia, interrupci\u00f3n de v\u00edas de acceso o da\u00f1o contra la infraestructura p\u00fablica y privada.<\/p>\n<p>As\u00ed mismo, \u00abse insta al Alcalde Metropolitano de Quito, Pabel Mu\u00f1oz, a mantener informada a la ciudadan\u00eda sobre las medidas adoptadas en materia de seguridad, prevenci\u00f3n y mantenimiento del orden, en coordinaci\u00f3n con las autoridades nacionales competentes\u00bb.<\/p>\n<p>Durante el debate Castillo se dirigi\u00f3 en duros t\u00e9rminos al alcalde capitalino del corre\u00edsmo, Pabel Mu\u00f1oz: \u00aben Quito se acabaron los alcaldes alcahuetes que se ponen nerrviositos\u00ab, expres\u00f3 el legislador, en contexto a los paros de 2019 y 2022 que desataron la violencia en Quito.<\/p>\n<h2 class=\"wp-block-heading\">El corre\u00edsmo encendi\u00f3 la llama en el Legislativo<\/h2>\n<p>Antes de que termine la sesi\u00f3n, desde la Revoluci\u00f3n Ciudadana (RC), se empez\u00f3 con adjetivaciones que encendierron la llama en el debate. Quien la inici\u00f3 fue la corre\u00edsta Paola Cabezas, q<strong>uien argument\u00f3 que el gobierno no ha dado dignidad a polic\u00edas y militares. Para probarlo, cont\u00f3 que cuando lleg\u00f3 al parqueadero de la Asamblea encontr\u00f3 militares tirados en el piso \u00abcomo perros\u00bb.<\/strong><\/p>\n<p>\u00ab\u00bfC\u00f3mo puede hablar un gobierno de fortalecer la seguridad cuando permite y ordena actos inhumanos contra su propio pueblo?\u00bb, cuestion\u00f3 Cabezas, en referencia a los enfrentamientos entre manifestantes y fuerza p\u00fablica en Otavalo.<\/p>\n<p><strong>Cabezas afirm\u00f3 que\u00a0<\/strong>para completar<strong>\u00a0la tropa que se necesita para enfrentar el conflicto interno por la inseguridad \u00abhan tenido que llamar militares de reserva, conscriptos que no tienen las mismas garant\u00edas que un soldado que hace una carrera militar\u00a0<\/strong>\u00bfSaben cu\u00e1nto les est\u00e1n pagando? no llegan ni a los USD 600 y con eso tienen que pagar su rancho y movilizaci\u00f3n\u00bb, asegur\u00f3<\/p>\n","protected":false},"excerpt":{"rendered":"<p>Con 78 votos afirmativos, el Pleno de la Asamblea Nacional aprueb\u00f3 la moci\u00f3n presentada por el asamble\u00edsta del oficialismo, Andr\u00e9s Castillo en cuya resoluci\u00f3n exige al cabildo quite\u00f1o y a sus concejales \u00abresguardar\u00bb Quito en medio del paro seccional de la Confederaci\u00f3n de Nacionalidades Ind\u00edgenas del Ecuador (CONAIE). Como primer punto, la Asamblea solicita requerir [&hellip;]<\/p>\n","protected":false},"author":1,"featured_media":16409,"comment_status":"open","ping_status":"open","sticky":false,"template":"","format":"standard","meta":{"footnotes":""},"categories":[12],"tags":[],"_links":{"self":[{"href":"https:\/\/infozamoraec.com\/index.php\/wp-json\/wp\/v2\/posts\/16408"}],"collection":[{"href":"https:\/\/infozamoraec.com\/index.php\/wp-json\/wp\/v2\/posts"}],"about":[{"href":"https:\/\/infozamoraec.com\/index.php\/wp-json\/wp\/v2\/types\/post"}],"author":[{"embeddable":true,"href":"https:\/\/infozamoraec.com\/index.php\/wp-json\/wp\/v2\/users\/1"}],"replies":[{"embeddable":true,"href":"https:\/\/infozamoraec.com\/index.php\/wp-json\/wp\/v2\/comments?post=16408"}],"version-history":[{"count":2,"href":"https:\/\/infozamoraec.com\/index.php\/wp-json\/wp\/v2\/posts\/16408\/revisions"}],"predecessor-version":[{"id":16411,"href":"https:\/\/infozamoraec.com\/index.php\/wp-json\/wp\/v2\/posts\/16408\/revisions\/16411"}],"wp:featuredmedia":[{"embeddable":true,"href":"https:\/\/infozamoraec.com\/index.php\/wp-json\/wp\/v2\/media\/16409"}],"wp:attachment":[{"href":"https:\/\/infozamoraec.com\/index.php\/wp-json\/wp\/v2\/media?parent=16408"}],"wp:term":[{"taxonomy":"category","embeddable":true,"href":"https:\/\/infozamoraec.com\/index.php\/wp-json\/wp\/v2\/categories?post=16408"},{"taxonomy":"post_tag","embeddable":true,"href":"https:\/\/infozamoraec.com\/index.php\/wp-json\/wp\/v2\/tags?post=16408"}],"curies":[{"name":"wp","href":"https:\/\/api.w.org\/{rel}","templated":true}]}}