{"id":16404,"date":"2025-10-15T01:17:31","date_gmt":"2025-10-15T01:17:31","guid":{"rendered":"https:\/\/infozamoraec.com\/?p=16404"},"modified":"2025-10-15T01:17:31","modified_gmt":"2025-10-15T01:17:31","slug":"gobierno-dicen-haber-terminado-con-la-mineria-ilegal-en-buenos-aires-imbabura","status":"publish","type":"post","link":"https:\/\/infozamoraec.com\/index.php\/2025\/10\/15\/gobierno-dicen-haber-terminado-con-la-mineria-ilegal-en-buenos-aires-imbabura\/","title":{"rendered":"Gobierno  dicen haber  terminado con la miner\u00eda ilegal en Buenos Aires, Imbabura"},"content":{"rendered":"<p>Tras intensos bombardeos contra miner\u00edas ilegales en Buenos Aires, Imbabura, el Ministro de Defensa, Gian Carlo Loffredo, indic\u00f3 que las Fuerzas Armadas terminaron con la miner\u00eda ilegal en este distrito, siendo uno de los m\u00e1s complejos en tema de miner\u00eda ilegal en Ecuador.<\/p>\n<p>Loffredo indic\u00f3 que \u00ablas Fuerzas Armadas han terminado con la miner\u00eda ilegal en Buenos Aires\u00bb y a\u00f1adi\u00f3 que los militares no saldr\u00e1n de la zona para mantenerrla libre de mineros ilegales.<\/p>\n<p>\u201cSepan que en el sector de Buenos Aires ya se termin\u00f3 la miner\u00eda ilegal, porque la presencia de Fuerzas Armadas va a ser permanente de ahora en adelante. Este es un il\u00edcito que no se va a dar m\u00e1s en la provincia de Imbabura\u201d, dijo Loffredo.<\/p>\n<p>Defensa vincula el paro violento en Imbabura con la miner\u00eda ilegal<br \/>\nGian Carlo Loffredo insisti\u00f3 en la hip\u00f3tesis de que las manifestaciones violentas en la provincia del norte de Ecuador ser\u00edan financiadas por los grupos de crimen organizado que manejan la miner\u00eda ilegal.<\/p>\n<p>\u201cVamos a mantener el control en toda esta zona, la presencia de FF.AA. va a ser permanente en el sector de Buenos Aires\u201d.<\/p>\n<p>\u201cTodos sabemos que el di\u00e9sel es uno de los productos que se utilizan en la miner\u00eda ilegal y, por ende, tenemos nuestras sospechas de que es de parte de estos grupos armados organizados que est\u00e1n dando dinero para los manifestantes, sobre todo a los violentos\u201c, agreg\u00f3 Loffredo. (I)<\/p>\n","protected":false},"excerpt":{"rendered":"<p>Tras intensos bombardeos contra miner\u00edas ilegales en Buenos Aires, Imbabura, el Ministro de Defensa, Gian Carlo Loffredo, indic\u00f3 que las Fuerzas Armadas terminaron con la miner\u00eda ilegal en este distrito, siendo uno de los m\u00e1s complejos en tema de miner\u00eda ilegal en Ecuador. Loffredo indic\u00f3 que \u00ablas Fuerzas Armadas han terminado con la miner\u00eda ilegal [&hellip;]<\/p>\n","protected":false},"author":1,"featured_media":16405,"comment_status":"open","ping_status":"open","sticky":false,"template":"","format":"standard","meta":{"footnotes":""},"categories":[12],"tags":[],"_links":{"self":[{"href":"https:\/\/infozamoraec.com\/index.php\/wp-json\/wp\/v2\/posts\/16404"}],"collection":[{"href":"https:\/\/infozamoraec.com\/index.php\/wp-json\/wp\/v2\/posts"}],"about":[{"href":"https:\/\/infozamoraec.com\/index.php\/wp-json\/wp\/v2\/types\/post"}],"author":[{"embeddable":true,"href":"https:\/\/infozamoraec.com\/index.php\/wp-json\/wp\/v2\/users\/1"}],"replies":[{"embeddable":true,"href":"https:\/\/infozamoraec.com\/index.php\/wp-json\/wp\/v2\/comments?post=16404"}],"version-history":[{"count":2,"href":"https:\/\/infozamoraec.com\/index.php\/wp-json\/wp\/v2\/posts\/16404\/revisions"}],"predecessor-version":[{"id":16407,"href":"https:\/\/infozamoraec.com\/index.php\/wp-json\/wp\/v2\/posts\/16404\/revisions\/16407"}],"wp:featuredmedia":[{"embeddable":true,"href":"https:\/\/infozamoraec.com\/index.php\/wp-json\/wp\/v2\/media\/16405"}],"wp:attachment":[{"href":"https:\/\/infozamoraec.com\/index.php\/wp-json\/wp\/v2\/media?parent=16404"}],"wp:term":[{"taxonomy":"category","embeddable":true,"href":"https:\/\/infozamoraec.com\/index.php\/wp-json\/wp\/v2\/categories?post=16404"},{"taxonomy":"post_tag","embeddable":true,"href":"https:\/\/infozamoraec.com\/index.php\/wp-json\/wp\/v2\/tags?post=16404"}],"curies":[{"name":"wp","href":"https:\/\/api.w.org\/{rel}","templated":true}]}}