{"id":16385,"date":"2025-10-14T01:46:53","date_gmt":"2025-10-14T01:46:53","guid":{"rendered":"https:\/\/infozamoraec.com\/?p=16385"},"modified":"2025-10-14T01:51:38","modified_gmt":"2025-10-14T01:51:38","slug":"petro-propone-retomar-dialogos-de-paz-con-el-eln","status":"publish","type":"post","link":"https:\/\/infozamoraec.com\/index.php\/2025\/10\/14\/petro-propone-retomar-dialogos-de-paz-con-el-eln\/","title":{"rendered":"Petro propone retomar di\u00e1logos de paz con el ELN"},"content":{"rendered":"<p>El presidente colombiano, Gustavo Petro, propuso este lunes reanudar los di\u00e1logos de paz con la guerrilla del Ej\u00e9rcito de Liberaci\u00f3n Nacional (ELN), tras meses de ruptura total de las negociaciones por la escalada de violencia en el Catatumbo, zona lim\u00edtrofe con Venezuela.<\/p>\n<p>\u00abEs hora de reiniciar los contactos con el ELN. Le respondo al se\u00f1or Pablo Beltr\u00e1n (segundo comandante del ELN y jefe del equipo negociador): pruebe la paz de Colombia\u00bb, escribi\u00f3 el mandatario en X.<\/p>\n<p>En una aparente comparaci\u00f3n con la guerra de Gaza y la liberaci\u00f3n hoy de los \u00faltimos 20 rehenes vivos que estaban en manos de Ham\u00e1s, Petro agreg\u00f3: \u00abNo se necesita destruir una ciudad entera y matar 70.000 personas para hacer un intercambio humanitario\u00bb.<\/p>\n<p>Las conversaciones con el ELN, que comenzaron en noviembre de 2022, fueron suspendidas por el Gobierno el pasado 17 de enero cuando Petro acus\u00f3 al grupo de cometer \u00abcr\u00edmenes de guerra\u00bb en el Catatumbo, donde sus enfrentamientos con una de las disidencias de las FARC dejaron cerca de un centenar de muertos y miles de desplazados.<\/p>\n<p>En julio, el mandatario dio por \u00abrotos\u00bb los di\u00e1logos al se\u00f1alar que el ELN, guerrilla a la que ha acusado de cambiar la revoluci\u00f3n por el narcotr\u00e1fico, \u00abatac\u00f3 a sangre y fuego a civiles de manera sistem\u00e1tica\u00bb en el Catatumbo, lo que a su juicio demostr\u00f3 la falta de voluntad de paz.<\/p>\n<p>Hace unas semanas, un juzgado de Pasto, capital del departamento de Nari\u00f1o, fronterizo con Ecuador, conden\u00f3 a 58 a\u00f1os y medio de prisi\u00f3n a la c\u00fapula de esa guerrilla, incluido su jefe negociador, Israel Ram\u00edrez Pineda (alias Pablo Beltr\u00e1n), por el asesinato de tres firmantes del acuerdo de paz de 2016 en ese departamento.<\/p>\n<p>Petro tambi\u00e9n record\u00f3 que su Gobierno mantiene conversaciones con el Clan del Golfo, la mayor banda criminal del pa\u00eds, con la intermediaci\u00f3n del Ejecutivo de Catar, que act\u00faa como garante de ese proceso.<\/p>\n<p>Ambas partes firmaron el pasado 18 de septiembre en Doha un acuerdo para iniciar una etapa de \u00abconstrucci\u00f3n de confianza\u00bb y un plan piloto de sustituci\u00f3n de cultivos il\u00edcitos en los municipios de Mutat\u00e1, ubicado en Antioquia, y de Acand\u00ed, Bel\u00e9n de Bajir\u00e1, Riosucio y Ungu\u00eda, en el departamento del Choc\u00f3, fronterizo con Panam\u00e1.<\/p>\n<p>En estas zonas tiene fuerte presencia el Clan del Golfo, tambi\u00e9n conocido como Ej\u00e9rcito Gaitanista de Colombia (EGC) y heredero de las paramilitares Autodefensas Unidas de Colombia (AUC). EFE (I)<\/p>\n","protected":false},"excerpt":{"rendered":"<p>El presidente colombiano, Gustavo Petro, propuso este lunes reanudar los di\u00e1logos de paz con la guerrilla del Ej\u00e9rcito de Liberaci\u00f3n Nacional (ELN), tras meses de ruptura total de las negociaciones por la escalada de violencia en el Catatumbo, zona lim\u00edtrofe con Venezuela. \u00abEs hora de reiniciar los contactos con el ELN. Le respondo al se\u00f1or [&hellip;]<\/p>\n","protected":false},"author":1,"featured_media":16386,"comment_status":"open","ping_status":"open","sticky":false,"template":"","format":"standard","meta":{"footnotes":""},"categories":[8],"tags":[],"_links":{"self":[{"href":"https:\/\/infozamoraec.com\/index.php\/wp-json\/wp\/v2\/posts\/16385"}],"collection":[{"href":"https:\/\/infozamoraec.com\/index.php\/wp-json\/wp\/v2\/posts"}],"about":[{"href":"https:\/\/infozamoraec.com\/index.php\/wp-json\/wp\/v2\/types\/post"}],"author":[{"embeddable":true,"href":"https:\/\/infozamoraec.com\/index.php\/wp-json\/wp\/v2\/users\/1"}],"replies":[{"embeddable":true,"href":"https:\/\/infozamoraec.com\/index.php\/wp-json\/wp\/v2\/comments?post=16385"}],"version-history":[{"count":1,"href":"https:\/\/infozamoraec.com\/index.php\/wp-json\/wp\/v2\/posts\/16385\/revisions"}],"predecessor-version":[{"id":16387,"href":"https:\/\/infozamoraec.com\/index.php\/wp-json\/wp\/v2\/posts\/16385\/revisions\/16387"}],"wp:featuredmedia":[{"embeddable":true,"href":"https:\/\/infozamoraec.com\/index.php\/wp-json\/wp\/v2\/media\/16386"}],"wp:attachment":[{"href":"https:\/\/infozamoraec.com\/index.php\/wp-json\/wp\/v2\/media?parent=16385"}],"wp:term":[{"taxonomy":"category","embeddable":true,"href":"https:\/\/infozamoraec.com\/index.php\/wp-json\/wp\/v2\/categories?post=16385"},{"taxonomy":"post_tag","embeddable":true,"href":"https:\/\/infozamoraec.com\/index.php\/wp-json\/wp\/v2\/tags?post=16385"}],"curies":[{"name":"wp","href":"https:\/\/api.w.org\/{rel}","templated":true}]}}