{"id":16373,"date":"2025-10-14T01:37:58","date_gmt":"2025-10-14T01:37:58","guid":{"rendered":"https:\/\/infozamoraec.com\/?p=16373"},"modified":"2025-10-14T01:37:58","modified_gmt":"2025-10-14T01:37:58","slug":"paro-nacional-reimberg-a-pabel-munoz-eso-deja-un-mensaje-claro-de-que-lado-esta","status":"publish","type":"post","link":"https:\/\/infozamoraec.com\/index.php\/2025\/10\/14\/paro-nacional-reimberg-a-pabel-munoz-eso-deja-un-mensaje-claro-de-que-lado-esta\/","title":{"rendered":"Paro Nacional | Reimberg a Pabel Mu\u00f1oz: \u201cEso deja un mensaje claro de que lado est\u00e1\u201d"},"content":{"rendered":"<p>Tras un video publicado por el alcalde de Quito, Pabel Mu\u00f1oz, sobre las protestas de la jornada de ayer 12 de octubre, el ministro del Interior John Reimberg respondi\u00f3. En entrevista con Teleamazonas, el funcionario rechaz\u00f3 las cr\u00edticas del burgomaestre y asegur\u00f3 que la actuaci\u00f3n de la Polic\u00eda y las Fuerzas Armadas se enmarc\u00f3 en la necesidad de proteger a la ciudad.<\/p>\n<p>\u201cEl alcalde le dice excesos, la ciudadan\u00eda le dice orden y control. Por cosas como estas es que en Quito el alcalde est\u00e1 tan distanciado de la ciudadan\u00eda\u201d, afirm\u00f3 Reimberg, al se\u00f1alar que la gesti\u00f3n de seguridad evit\u00f3 que la capital sufriera da\u00f1os mayores durante las jornadas de protesta.<\/p>\n<p>Reimberg insisti\u00f3 en que no existieron abusos en el operativo de control. \u201cExcesos jam\u00e1s, no hay heridos. Lo que hemos hecho es precautelar la seguridad de Quito y del pa\u00eds. No hubo excesos\u201d, enfatiz\u00f3. Seg\u00fan explic\u00f3, la coordinaci\u00f3n entre las fuerzas del orden y el sistema de movilidad del Municipio permiti\u00f3 contener los intentos de violencia en distintos puntos de la ciudad.<\/p>\n<p>El funcionario detall\u00f3 que el propio Municipio de Quito puso a disposici\u00f3n veh\u00edculos e infraestructura para apoyar las operaciones de seguridad. \u201cNos pusieron a nuestras \u00f3rdenes el sistema de movilidad de Quito para que lo usemos como nosotros sea m\u00e1s conveniente para proteger a la ciudad. Hemos cumplido con la ciudad, hemos realizado el trabajo, \u00bfy hoy sale \u00e9l a criticar lo que hemos hecho?\u201d, cuestion\u00f3.<\/p>\n<p>Durante la entrevista, el ministro puso en duda las verdaderas intensiones del mensaje del alcalde de Quito. \u201cA m\u00ed eso me huele que recibi\u00f3 alguna llamada del exterior dici\u00e9ndole qu\u00e9 es lo que \u00e9l ten\u00eda que decir\u201d, expres\u00f3, sugiriendo que el pronunciamiento de Mu\u00f1\u00f3z no respond\u00eda a una evaluaci\u00f3n objetiva de los hechos, sino a presiones externas.<\/p>\n<p>Reimberg tambi\u00e9n cuestion\u00f3 que el alcalde defendiera a los manifestantes que, seg\u00fan \u00e9l, llegaron desde otras provincias con la intenci\u00f3n de generar violencia. \u201cQue un alcalde quiera defender a quienes salieron en unas marchas que pretend\u00edan ser violentas, a quienes ven\u00edan de otras provincias a destruir la ciudad y hoy sale con esas comunicaciones, la verdad que deja un mensaje claro de qu\u00e9 lado est\u00e1\u201d, se\u00f1al\u00f3.<\/p>\n<p>El funcionario recalc\u00f3 que la ciudadan\u00eda fue testigo de los esfuerzos realizados para mantener el orden y que, gracias a ello, Quito no sufri\u00f3 una destrucci\u00f3n mayor. \u201cLo importante es que los quite\u00f1os saben lo que se hizo y hoy por eso Quito no fue destruido, y ese es el objetivo principal\u201d, subray\u00f3.<\/p>\n","protected":false},"excerpt":{"rendered":"<p>Tras un video publicado por el alcalde de Quito, Pabel Mu\u00f1oz, sobre las protestas de la jornada de ayer 12 de octubre, el ministro del Interior John Reimberg respondi\u00f3. En entrevista con Teleamazonas, el funcionario rechaz\u00f3 las cr\u00edticas del burgomaestre y asegur\u00f3 que la actuaci\u00f3n de la Polic\u00eda y las Fuerzas Armadas se enmarc\u00f3 en [&hellip;]<\/p>\n","protected":false},"author":1,"featured_media":16374,"comment_status":"open","ping_status":"open","sticky":false,"template":"","format":"standard","meta":{"footnotes":""},"categories":[12],"tags":[],"_links":{"self":[{"href":"https:\/\/infozamoraec.com\/index.php\/wp-json\/wp\/v2\/posts\/16373"}],"collection":[{"href":"https:\/\/infozamoraec.com\/index.php\/wp-json\/wp\/v2\/posts"}],"about":[{"href":"https:\/\/infozamoraec.com\/index.php\/wp-json\/wp\/v2\/types\/post"}],"author":[{"embeddable":true,"href":"https:\/\/infozamoraec.com\/index.php\/wp-json\/wp\/v2\/users\/1"}],"replies":[{"embeddable":true,"href":"https:\/\/infozamoraec.com\/index.php\/wp-json\/wp\/v2\/comments?post=16373"}],"version-history":[{"count":1,"href":"https:\/\/infozamoraec.com\/index.php\/wp-json\/wp\/v2\/posts\/16373\/revisions"}],"predecessor-version":[{"id":16375,"href":"https:\/\/infozamoraec.com\/index.php\/wp-json\/wp\/v2\/posts\/16373\/revisions\/16375"}],"wp:featuredmedia":[{"embeddable":true,"href":"https:\/\/infozamoraec.com\/index.php\/wp-json\/wp\/v2\/media\/16374"}],"wp:attachment":[{"href":"https:\/\/infozamoraec.com\/index.php\/wp-json\/wp\/v2\/media?parent=16373"}],"wp:term":[{"taxonomy":"category","embeddable":true,"href":"https:\/\/infozamoraec.com\/index.php\/wp-json\/wp\/v2\/categories?post=16373"},{"taxonomy":"post_tag","embeddable":true,"href":"https:\/\/infozamoraec.com\/index.php\/wp-json\/wp\/v2\/tags?post=16373"}],"curies":[{"name":"wp","href":"https:\/\/api.w.org\/{rel}","templated":true}]}}