{"id":16366,"date":"2025-10-14T01:33:32","date_gmt":"2025-10-14T01:33:32","guid":{"rendered":"https:\/\/infozamoraec.com\/?p=16366"},"modified":"2025-10-14T01:33:32","modified_gmt":"2025-10-14T01:33:32","slug":"vigesimo-primer-dia-de-paro-cierres-viales-en-quito-el-gobierno-habla-de-dialogo-con-las-bases","status":"publish","type":"post","link":"https:\/\/infozamoraec.com\/index.php\/2025\/10\/14\/vigesimo-primer-dia-de-paro-cierres-viales-en-quito-el-gobierno-habla-de-dialogo-con-las-bases\/","title":{"rendered":"Vig\u00e9simo primer d\u00eda de paro: Cierres viales en Quito; el Gobierno habla de di\u00e1logo con las bases"},"content":{"rendered":"<p>En la cuarta semana del paro nacional impulsado por la\u00a0<strong><a title=\"\" href=\"https:\/\/www.larepublica.ec\/blog\/2025\/10\/12\/paro-de-la-conaie-disparo-el-turismo-en-la-costa-de-ecuador\/\" target=\"_blank\" rel=\"noopener\">Confederaci\u00f3n de Nacionalidades Ind\u00edgenas del Ecuador (Conaie)<\/a><\/strong>, se reportan varios cierres viales en las provincias de\u00a0<strong>Imbabura\u00a0<\/strong>y\u00a0<strong>Pichincha<\/strong>. En la capital del pa\u00eds,\u00a0<strong>Quito<\/strong>, la\u00a0<strong>Polic\u00eda Nacional<\/strong>\u00a0y las\u00a0<strong>Fuerzas Armadas<\/strong>\u00a0han\u00a0<a title=\"\" href=\"https:\/\/x.com\/AMT_Quito\/status\/1977683821006045420\" target=\"_blank\">liderado<\/a>\u00a0un \u00abcierre total de las v\u00edas en el per\u00edmetro\u00bb del\u00a0<strong>Palacio de Carondelet<\/strong>, sede del Gobierno hist\u00f3rica pese a que, de momento, el Ejecutivo opera desde\u00a0<strong>Latacunga<\/strong>.<\/p>\n<p>El alcalde de Quito, el corre\u00edsta\u00a0<strong>Pabel Mu\u00f1oz<\/strong>, cuestion\u00f3 el despliegue de seguridad en la ciudad, que podr\u00eda volverse un nuevo foco de las protestas contra el Gobierno, que hasta el momento se han concentrado en Imbabura.\u00a0<strong>\u00abLo que deber\u00eda verse como una medida para cuidar la seguridad de todos termin\u00f3 siendo un terreno en el que se pudo ver un uso excesivo de la fuerza. Esto es reprochable desde cualquier punto de vista\u00bb<\/strong>, dijo en referencia a intentos de la Polic\u00eda de dispersar a manifestantes durante el fin de semana.<\/p>\n<p>La portavoz de la Presidencia,\u00a0<strong>Carolina Jaramillo<\/strong>, asever\u00f3 en su rueda de prensa semanal que el \u00abGobierno est\u00e1 abierto al di\u00e1logo y est\u00e1 dialogando con las bases, con la base que est\u00e1 detr\u00e1s de estos supuestos dirigentes\u00bb.<\/p>\n<p>A\u00f1adi\u00f3 que son esos acuerdos los que cuentan para la distribuci\u00f3n de los recursos e incentivos sociales que est\u00e1 entregando el Gobierno a los sectores vulnerables, afectados por la eliminaci\u00f3n del subsidio al di\u00e9sel, una acci\u00f3n que la Conaie considera un mecanismo para dividir al sector ind\u00edgena.<\/p>\n<p><strong>\u00abEn di\u00e1logo estamos, en di\u00e1logo hemos estado siempre\u00bb<\/strong>, dijo la \u00a0funcionaria, que atribuy\u00f3 a ello que se hayan desactivado las protestas en las provincias andinas de\u00a0<strong>Chimborazo\u00a0<\/strong>y\u00a0<strong>Cotopaxi<\/strong>.\u00a0<strong>\u00abEspero que en las pr\u00f3ximas horas suceda exactamente lo mismo en Imbabura\u00bb<\/strong>.<\/p>\n<h2 class=\"wp-block-heading\">Convoy humanitario<\/h2>\n<p>Este lunes, el Gobierno planea enviar un convoy humanitario a Imbabura, que contar\u00e1 con resguardo militar. Este transportar\u00e1 v\u00edveres, colchones, bombonas de gas, medicinas y otros insumos de primera necesidad y del sector productivo destinados a la poblaci\u00f3n afectada por los recientes bloqueos de v\u00edas.<\/p>\n<p>La Fuerzas Armadas formularon un llamado a respetar el car\u00e1cter humanitario de la mencionada operaci\u00f3n, pues otros dos convoy, uno de ellos liderado por el presidente\u00a0<strong>Daniel Noboa<\/strong>, y diplom\u00e1ticos, fue atacado por manifestantes hace dos semanas.<\/p>\n<p>La provincia de Imbabura lleva tres semanas incomunicada y este fin de semana se agudizaron los problemas de abastecimiento de gas de uso dom\u00e9stico.<strong>\u00a0(I)<\/strong><\/p>\n","protected":false},"excerpt":{"rendered":"<p>En la cuarta semana del paro nacional impulsado por la\u00a0Confederaci\u00f3n de Nacionalidades Ind\u00edgenas del Ecuador (Conaie), se reportan varios cierres viales en las provincias de\u00a0Imbabura\u00a0y\u00a0Pichincha. En la capital del pa\u00eds,\u00a0Quito, la\u00a0Polic\u00eda Nacional\u00a0y las\u00a0Fuerzas Armadas\u00a0han\u00a0liderado\u00a0un \u00abcierre total de las v\u00edas en el per\u00edmetro\u00bb del\u00a0Palacio de Carondelet, sede del Gobierno hist\u00f3rica pese a que, de momento, el [&hellip;]<\/p>\n","protected":false},"author":1,"featured_media":16367,"comment_status":"open","ping_status":"open","sticky":false,"template":"","format":"standard","meta":{"footnotes":""},"categories":[12],"tags":[],"_links":{"self":[{"href":"https:\/\/infozamoraec.com\/index.php\/wp-json\/wp\/v2\/posts\/16366"}],"collection":[{"href":"https:\/\/infozamoraec.com\/index.php\/wp-json\/wp\/v2\/posts"}],"about":[{"href":"https:\/\/infozamoraec.com\/index.php\/wp-json\/wp\/v2\/types\/post"}],"author":[{"embeddable":true,"href":"https:\/\/infozamoraec.com\/index.php\/wp-json\/wp\/v2\/users\/1"}],"replies":[{"embeddable":true,"href":"https:\/\/infozamoraec.com\/index.php\/wp-json\/wp\/v2\/comments?post=16366"}],"version-history":[{"count":1,"href":"https:\/\/infozamoraec.com\/index.php\/wp-json\/wp\/v2\/posts\/16366\/revisions"}],"predecessor-version":[{"id":16368,"href":"https:\/\/infozamoraec.com\/index.php\/wp-json\/wp\/v2\/posts\/16366\/revisions\/16368"}],"wp:featuredmedia":[{"embeddable":true,"href":"https:\/\/infozamoraec.com\/index.php\/wp-json\/wp\/v2\/media\/16367"}],"wp:attachment":[{"href":"https:\/\/infozamoraec.com\/index.php\/wp-json\/wp\/v2\/media?parent=16366"}],"wp:term":[{"taxonomy":"category","embeddable":true,"href":"https:\/\/infozamoraec.com\/index.php\/wp-json\/wp\/v2\/categories?post=16366"},{"taxonomy":"post_tag","embeddable":true,"href":"https:\/\/infozamoraec.com\/index.php\/wp-json\/wp\/v2\/tags?post=16366"}],"curies":[{"name":"wp","href":"https:\/\/api.w.org\/{rel}","templated":true}]}}