{"id":16358,"date":"2025-10-14T01:21:37","date_gmt":"2025-10-14T01:21:37","guid":{"rendered":"https:\/\/infozamoraec.com\/?p=16358"},"modified":"2025-10-14T01:21:37","modified_gmt":"2025-10-14T01:21:37","slug":"se-viene-la-feria-provincial-agropecuaria-sembrando-vida-en-yantzaza","status":"publish","type":"post","link":"https:\/\/infozamoraec.com\/index.php\/2025\/10\/14\/se-viene-la-feria-provincial-agropecuaria-sembrando-vida-en-yantzaza\/","title":{"rendered":"Se viene la Feria Provincial Agropecuaria \u201cSembrando Vida\u201d, en Yantzaza"},"content":{"rendered":"<p style=\"font-weight: 400;\">La prefecta Karla Re\u00e1tegui, en compa\u00f1\u00eda del viceprefecto V\u00edctor Sarango; el gerente de AGROPZACHIN E.P., Carlos Suquisupa, la vicealcaldesa de Yantzaza Maricela Tocto junto al representante de los productores Luis Pe\u00f1a, hicieron el lanzamiento oficial de la Feria Provincial Agropecuaria\u00a0<strong>\u201cSembrando Vida\u201d,<\/strong>\u00a0a realizarse en esta ocasi\u00f3n en el cant\u00f3n Yantzaza del 8 al 9 de noviembre de 2025, en conmemoraci\u00f3n por los 72 a\u00f1os de provincializaci\u00f3n de Zamora Chinchipe.<\/p>\n<p style=\"font-weight: 400;\">La prefecta Karla sostuvo que, este a\u00f1o las inclemencias del tiempo por el temporal invernal hizo que los productores en su mayor\u00eda hayan perdido sus sembr\u00edos, en este sentido, en este a\u00f1o y aprovechando la feria provincial agropecuaria,\u00a0<strong>\u201chemos destinado m\u00e1s recursos econ\u00f3micos destinados a incentivos para los productores en todos los concursos. Anhelamos y aspiramos<\/strong>\u00a0<strong>que este espacio productivo sea una estanter\u00eda para cumplir con la recuperaci\u00f3n de quienes sufrieron los estragos del efecto clim\u00e1tico y seguir fortaleciendo su trabajo\u201d.<\/strong><\/p>\n<p style=\"font-weight: 400;\">Luis Pe\u00f1a, en representaci\u00f3n de los ganaderos de la provincia, resalt\u00f3 el esfuerzo y dedicaci\u00f3n de quienes hacen el campo,\u00a0<strong>\u201creitero la invitaci\u00f3n para que nos acompa\u00f1en en este espacio y disfruten de las actividades con responsabilidad, compromiso y mucho valor de quienes hacemos el agro\u201d.<\/strong><\/p>\n<p style=\"font-weight: 400;\">Esta feria agropecuaria est\u00e1 a cargo de la empresa p\u00fablica AGROPZACHIN, su Gerente indic\u00f3 que, este espacio emociona porque permite avanzar hacia objetivos claros trazados como empresa de producci\u00f3n y sobre todo por ser la ventana y vitrina a trav\u00e9s de sus diferentes proyectos,\u00a0<strong>\u201cque esto sea una mirada para la comercializaci\u00f3n de nuestros emprendedores\u201d.<\/strong><\/p>\n<p style=\"font-weight: 400;\">Son m\u00e1s de 315 concursos los que se realizar\u00e1n\u00a0con base en la producci\u00f3n agr\u00edcola, ganadera y de emprendimientos. El s\u00e1bado 8 de noviembre ser\u00e1 dedicada a la expo leche y domingo 9 de noviembre al ganado de carne. Seg\u00fan estad\u00edsticas de los t\u00e9cnicos de AGROPZACHIN son m\u00e1s de 1.000 participantes que estar\u00e1n en la feria agropecuaria\u00a0<strong>\u201cSembrando Vida\u201d.<\/strong>\u00a0Por primera vez se realizar\u00e1 el concurso de manejo de ganado por parte de ni\u00f1os entre 8 y 14 a\u00f1os de edad.<\/p>\n<p style=\"font-weight: 400;\">Maricela Tocto, vicealcaldesa de Yantzaza por su parte agradeci\u00f3 a la Prefectura por tomar en cuenta al cant\u00f3n Yantzaza para su ejecuci\u00f3n.\u00a0<strong>\u201cComo Gobierno Municipal estaremos listos para aportar en lo que est\u00e9 a nuestro alcance\u201d,<\/strong>\u00a0se\u00f1al\u00f3.<\/p>\n<p style=\"font-weight: 400;\"><strong>Dato:<\/strong><\/p>\n<p style=\"font-weight: 400;\">Las inscripciones se realizar\u00e1n en cada uno de los cantones con los t\u00e9cnicos de la empresa p\u00fablica y tambi\u00e9n en los Gobiernos Parroquiales.<\/p>\n","protected":false},"excerpt":{"rendered":"<p>La prefecta Karla Re\u00e1tegui, en compa\u00f1\u00eda del viceprefecto V\u00edctor Sarango; el gerente de AGROPZACHIN E.P., Carlos Suquisupa, la vicealcaldesa de Yantzaza Maricela Tocto junto al representante de los productores Luis Pe\u00f1a, hicieron el lanzamiento oficial de la Feria Provincial Agropecuaria\u00a0\u201cSembrando Vida\u201d,\u00a0a realizarse en esta ocasi\u00f3n en el cant\u00f3n Yantzaza del 8 al 9 de noviembre [&hellip;]<\/p>\n","protected":false},"author":1,"featured_media":16359,"comment_status":"open","ping_status":"open","sticky":false,"template":"","format":"standard","meta":{"footnotes":""},"categories":[9],"tags":[],"_links":{"self":[{"href":"https:\/\/infozamoraec.com\/index.php\/wp-json\/wp\/v2\/posts\/16358"}],"collection":[{"href":"https:\/\/infozamoraec.com\/index.php\/wp-json\/wp\/v2\/posts"}],"about":[{"href":"https:\/\/infozamoraec.com\/index.php\/wp-json\/wp\/v2\/types\/post"}],"author":[{"embeddable":true,"href":"https:\/\/infozamoraec.com\/index.php\/wp-json\/wp\/v2\/users\/1"}],"replies":[{"embeddable":true,"href":"https:\/\/infozamoraec.com\/index.php\/wp-json\/wp\/v2\/comments?post=16358"}],"version-history":[{"count":2,"href":"https:\/\/infozamoraec.com\/index.php\/wp-json\/wp\/v2\/posts\/16358\/revisions"}],"predecessor-version":[{"id":16361,"href":"https:\/\/infozamoraec.com\/index.php\/wp-json\/wp\/v2\/posts\/16358\/revisions\/16361"}],"wp:featuredmedia":[{"embeddable":true,"href":"https:\/\/infozamoraec.com\/index.php\/wp-json\/wp\/v2\/media\/16359"}],"wp:attachment":[{"href":"https:\/\/infozamoraec.com\/index.php\/wp-json\/wp\/v2\/media?parent=16358"}],"wp:term":[{"taxonomy":"category","embeddable":true,"href":"https:\/\/infozamoraec.com\/index.php\/wp-json\/wp\/v2\/categories?post=16358"},{"taxonomy":"post_tag","embeddable":true,"href":"https:\/\/infozamoraec.com\/index.php\/wp-json\/wp\/v2\/tags?post=16358"}],"curies":[{"name":"wp","href":"https:\/\/api.w.org\/{rel}","templated":true}]}}