{"id":16355,"date":"2025-10-14T01:15:24","date_gmt":"2025-10-14T01:15:24","guid":{"rendered":"https:\/\/infozamoraec.com\/?p=16355"},"modified":"2025-10-14T01:15:24","modified_gmt":"2025-10-14T01:15:24","slug":"el-pangui-conmemoro-el-dia-del-bombero-ecuatoriano","status":"publish","type":"post","link":"https:\/\/infozamoraec.com\/index.php\/2025\/10\/14\/el-pangui-conmemoro-el-dia-del-bombero-ecuatoriano\/","title":{"rendered":"El Pangui conmemor\u00f3 el D\u00eda del Bombero Ecuatoriano"},"content":{"rendered":"<p>El Cuerpo de Bomberos de El Pangui conmemor\u00f3 el D\u00eda del Bombero Ecuatoriano con diversas actividades en honor a su labor. Cada 10 de octubre se celebra esta fecha especial; y, este a\u00f1o incluy\u00f3 casa abierta, exposici\u00f3n de stands, conferencias y capacitaciones alusivas.<\/p>\n<p>Hitler Guzm\u00e1n, jefe del Cuerpo de Bomberos de El Pangui, dio la bienvenida a los asistentes y destac\u00f3 la importancia de reconocer el valor, la entrega y el compromiso de quienes integran esta instituci\u00f3n \u00ables doy la m\u00e1s cordial bienvenida a esta fecha que nos invita a reflexionar sobre el valor y la dedicaci\u00f3n de hombres y mujeres que han hecho del servicio a los dem\u00e1s su m\u00e1s alta vocaci\u00f3n. Hoy renovamos nuestro compromiso de proteger la vida, los bienes y la naturaleza\u00bb, expres\u00f3.<\/p>\n<p>Durante su intervenci\u00f3n, Guzm\u00e1n inform\u00f3 que en el 2024 el Cuerpo de Bomberos atendi\u00f3 m\u00e1s de 3 000 llamadas de auxilio en el cant\u00f3n y record\u00f3 con un emotivo minuto de silencio a los h\u00e9roes nacionales que entregaron su vida en acto de servicio.<\/p>\n<p>Jos\u00e9 Luis Torres, concejal e integrante del Comit\u00e9 de Administraci\u00f3n y Planificaci\u00f3n del Cuerpo de Bomberos, felicit\u00f3 al personal bomberil y resalt\u00f3 el crecimiento de la instituci\u00f3n desde su creaci\u00f3n en 2010 \u00absomos testigos del esfuerzo constante y el equipamiento progresivo de esta joven instituci\u00f3n. Como GAD Municipal seguiremos firmando convenios para fortalecer su labor\u00bb, afirm\u00f3.<\/p>\n<p>Por su parte, el alcalde Jairo Herrera felicit\u00f3 al equipo bomberil por los logros alcanzados y ratific\u00f3 el compromiso del municipio \u00aben poco tiempo hemos visto grandes resultados gracias a las gestiones efectuadas por quien est\u00e1 al frente. Estamos pr\u00f3ximos a firmar un nuevo convenio para adquirir una ambulancia que beneficiar\u00e1 enormemente a nuestro cant\u00f3n. En los pr\u00f3ximos d\u00edas llegar\u00e1 la autobomba y seguiremos trabajando juntos para brindar un mejor servicio\u00bb.<\/p>\n<p>Actualmente, el Cuerpo de Bomberos de El Pangui est\u00e1 compuesto por 9 bomberos operativos y 4 administrativos. Adem\u00e1s, tiene 2 lanchas a motor para salvento acu\u00e1tico, 2 autobomba equipada, un veh\u00edculo de rescate, un veh\u00edculo de log\u00edstica, equipos de extricaci\u00f3n vehicular, equipos para el control de incendios forestales, equipos para el rescate vertical.<\/p>\n<p>&nbsp;<\/p>\n","protected":false},"excerpt":{"rendered":"<p>El Cuerpo de Bomberos de El Pangui conmemor\u00f3 el D\u00eda del Bombero Ecuatoriano con diversas actividades en honor a su labor. Cada 10 de octubre se celebra esta fecha especial; y, este a\u00f1o incluy\u00f3 casa abierta, exposici\u00f3n de stands, conferencias y capacitaciones alusivas. Hitler Guzm\u00e1n, jefe del Cuerpo de Bomberos de El Pangui, dio la [&hellip;]<\/p>\n","protected":false},"author":1,"featured_media":16356,"comment_status":"open","ping_status":"open","sticky":false,"template":"","format":"standard","meta":{"footnotes":""},"categories":[9],"tags":[],"_links":{"self":[{"href":"https:\/\/infozamoraec.com\/index.php\/wp-json\/wp\/v2\/posts\/16355"}],"collection":[{"href":"https:\/\/infozamoraec.com\/index.php\/wp-json\/wp\/v2\/posts"}],"about":[{"href":"https:\/\/infozamoraec.com\/index.php\/wp-json\/wp\/v2\/types\/post"}],"author":[{"embeddable":true,"href":"https:\/\/infozamoraec.com\/index.php\/wp-json\/wp\/v2\/users\/1"}],"replies":[{"embeddable":true,"href":"https:\/\/infozamoraec.com\/index.php\/wp-json\/wp\/v2\/comments?post=16355"}],"version-history":[{"count":1,"href":"https:\/\/infozamoraec.com\/index.php\/wp-json\/wp\/v2\/posts\/16355\/revisions"}],"predecessor-version":[{"id":16357,"href":"https:\/\/infozamoraec.com\/index.php\/wp-json\/wp\/v2\/posts\/16355\/revisions\/16357"}],"wp:featuredmedia":[{"embeddable":true,"href":"https:\/\/infozamoraec.com\/index.php\/wp-json\/wp\/v2\/media\/16356"}],"wp:attachment":[{"href":"https:\/\/infozamoraec.com\/index.php\/wp-json\/wp\/v2\/media?parent=16355"}],"wp:term":[{"taxonomy":"category","embeddable":true,"href":"https:\/\/infozamoraec.com\/index.php\/wp-json\/wp\/v2\/categories?post=16355"},{"taxonomy":"post_tag","embeddable":true,"href":"https:\/\/infozamoraec.com\/index.php\/wp-json\/wp\/v2\/tags?post=16355"}],"curies":[{"name":"wp","href":"https:\/\/api.w.org\/{rel}","templated":true}]}}