{"id":16334,"date":"2025-10-09T01:44:04","date_gmt":"2025-10-09T01:44:04","guid":{"rendered":"https:\/\/infozamoraec.com\/?p=16334"},"modified":"2025-10-09T01:44:04","modified_gmt":"2025-10-09T01:44:04","slug":"union-europea-se-suma-al-rechazo-al-ataque-contra-noboa-en-canar","status":"publish","type":"post","link":"https:\/\/infozamoraec.com\/index.php\/2025\/10\/09\/union-europea-se-suma-al-rechazo-al-ataque-contra-noboa-en-canar\/","title":{"rendered":"Uni\u00f3n Europea se suma al rechazo al ataque contra Noboa en Ca\u00f1ar"},"content":{"rendered":"<p>Mediante un comunicado colocado en su cuenta de X, los embajadores acreditados en Ecuador rechazaron el ataque a la caravana presidencial donde se movilizaba el presidente Daniel Noboa en Ca\u00f1ar y fue apedreada por manifestantes.<\/p>\n<p>Sin embargo, pese a que conden\u00f3 el hecho violento, tambi\u00e9n llam\u00f3 al di\u00e1logo, desde el Estado de Derecho, las instituciones democr\u00e1ticas y la libertad de expresi\u00f3n.<\/p>\n<p>La Oficina de Asuntos del Hemisferio Occidental de Estados Unidos se pronunci\u00f3 en su cuenta de X sobre el ataque a la caravana presidencial en Ca\u00f1ar hacia donde se trasladaba Daniel Noboa.<\/p>\n<p>\u00abLos Estados Unidos condena el ataque a la caravana del presidente Daniel Noboa. Estamos con el Ecuador mientras las autoridades investigan y garantizan la rendici\u00f3n de cuentas, y nos oponemos a todas las formas de violencia pol\u00edtica\u00ab, expuso la Oficina norteamericana.<\/p>\n<p>Mientras tanto, la Embajada de Italia taambi\u00e9n coden\u00f3 el ataque contra Noboa e hizo un llamado a que Ecuador abra el di\u00e1logo, ya que el paro nacional cumple 17 d\u00edas.<\/p>\n","protected":false},"excerpt":{"rendered":"<p>Mediante un comunicado colocado en su cuenta de X, los embajadores acreditados en Ecuador rechazaron el ataque a la caravana presidencial donde se movilizaba el presidente Daniel Noboa en Ca\u00f1ar y fue apedreada por manifestantes. Sin embargo, pese a que conden\u00f3 el hecho violento, tambi\u00e9n llam\u00f3 al di\u00e1logo, desde el Estado de Derecho, las instituciones [&hellip;]<\/p>\n","protected":false},"author":1,"featured_media":16341,"comment_status":"open","ping_status":"open","sticky":false,"template":"","format":"standard","meta":{"footnotes":""},"categories":[8],"tags":[],"_links":{"self":[{"href":"https:\/\/infozamoraec.com\/index.php\/wp-json\/wp\/v2\/posts\/16334"}],"collection":[{"href":"https:\/\/infozamoraec.com\/index.php\/wp-json\/wp\/v2\/posts"}],"about":[{"href":"https:\/\/infozamoraec.com\/index.php\/wp-json\/wp\/v2\/types\/post"}],"author":[{"embeddable":true,"href":"https:\/\/infozamoraec.com\/index.php\/wp-json\/wp\/v2\/users\/1"}],"replies":[{"embeddable":true,"href":"https:\/\/infozamoraec.com\/index.php\/wp-json\/wp\/v2\/comments?post=16334"}],"version-history":[{"count":1,"href":"https:\/\/infozamoraec.com\/index.php\/wp-json\/wp\/v2\/posts\/16334\/revisions"}],"predecessor-version":[{"id":16342,"href":"https:\/\/infozamoraec.com\/index.php\/wp-json\/wp\/v2\/posts\/16334\/revisions\/16342"}],"wp:featuredmedia":[{"embeddable":true,"href":"https:\/\/infozamoraec.com\/index.php\/wp-json\/wp\/v2\/media\/16341"}],"wp:attachment":[{"href":"https:\/\/infozamoraec.com\/index.php\/wp-json\/wp\/v2\/media?parent=16334"}],"wp:term":[{"taxonomy":"category","embeddable":true,"href":"https:\/\/infozamoraec.com\/index.php\/wp-json\/wp\/v2\/categories?post=16334"},{"taxonomy":"post_tag","embeddable":true,"href":"https:\/\/infozamoraec.com\/index.php\/wp-json\/wp\/v2\/tags?post=16334"}],"curies":[{"name":"wp","href":"https:\/\/api.w.org\/{rel}","templated":true}]}}