{"id":16328,"date":"2025-10-09T01:37:36","date_gmt":"2025-10-09T01:37:36","guid":{"rendered":"https:\/\/infozamoraec.com\/?p=16328"},"modified":"2025-10-09T01:37:36","modified_gmt":"2025-10-09T01:37:36","slug":"muere-profesor-que-fue-atacado-con-vidrio-por-estudiante-en-manta","status":"publish","type":"post","link":"https:\/\/infozamoraec.com\/index.php\/2025\/10\/09\/muere-profesor-que-fue-atacado-con-vidrio-por-estudiante-en-manta\/","title":{"rendered":"Muere profesor que fue atacado con vidrio por estudiante en Manta"},"content":{"rendered":"<p>Miguel \u00c1ngel C., el docente que fue atacado por uno de sus alumnos en un plantel particular de Manta, perdi\u00f3 la vida en una casa de salud a causa de las graves heridas que recibi\u00f3.<\/p>\n<p>El ataque ocurri\u00f3 este martes, 7 de octubre. El profesor, herido de gravedad, fue trasladado de urgencia a una casa de salud, pero no resisti\u00f3 la magnitud de las lesiones.<\/p>\n<p>La agresi\u00f3n se registr\u00f3 aproximadamente a las 11:45 en una instituci\u00f3n educativa del barrio La Aurora. El atacante es un adolescente de 16 a\u00f1os que cursa el segundo de bachillerato.<\/p>\n<p>Estudiante de 15 a\u00f1os ataca a docentes con vidrio en Manta: uno de ellos est\u00e1 grave<\/p>\n<p>Seg\u00fan los primeros reportes, el menor rompi\u00f3 un cuadro de vidrio y utiliz\u00f3 uno de los fragmentos afilados para apu\u00f1alar al profesor directamente en el cuello.<\/p>\n<p>Tras el ataque inicial, testigos indicaron que el estudiante tambi\u00e9n intent\u00f3 agredir a otra profesora, quien, afortunadamente, logr\u00f3 escapar ilesa y pudo dar la alerta inmediata a las autoridades del colegio.<\/p>\n<p>El docente Miguel \u00c1ngel C. fue movilizado de inmediato al hospital del Instituto Ecuatoriano de Seguridad Social (IESS) en un intento por salvarle la vida. A pesar de los esfuerzos del equipo m\u00e9dico, el profesor falleci\u00f3 la madrugada de este mi\u00e9rcoles debido a la gravedad de las heridas.<\/p>\n<p>El adolescente responsable del ataque se dio a la fuga inmediatamente despu\u00e9s de cometer la agresi\u00f3n.<\/p>\n<p>Agentes de la Polic\u00eda Nacional se trasladaron al lugar de los hechos y empezaron un amplio operativo de b\u00fasqueda en toda la zona para dar con su paradero. Hasta el momento no ha sido localizado y la Polic\u00eda mantiene activa la b\u00fasqueda.<\/p>\n","protected":false},"excerpt":{"rendered":"<p>Miguel \u00c1ngel C., el docente que fue atacado por uno de sus alumnos en un plantel particular de Manta, perdi\u00f3 la vida en una casa de salud a causa de las graves heridas que recibi\u00f3. El ataque ocurri\u00f3 este martes, 7 de octubre. El profesor, herido de gravedad, fue trasladado de urgencia a una casa [&hellip;]<\/p>\n","protected":false},"author":1,"featured_media":16331,"comment_status":"open","ping_status":"open","sticky":false,"template":"","format":"standard","meta":{"footnotes":""},"categories":[12],"tags":[],"_links":{"self":[{"href":"https:\/\/infozamoraec.com\/index.php\/wp-json\/wp\/v2\/posts\/16328"}],"collection":[{"href":"https:\/\/infozamoraec.com\/index.php\/wp-json\/wp\/v2\/posts"}],"about":[{"href":"https:\/\/infozamoraec.com\/index.php\/wp-json\/wp\/v2\/types\/post"}],"author":[{"embeddable":true,"href":"https:\/\/infozamoraec.com\/index.php\/wp-json\/wp\/v2\/users\/1"}],"replies":[{"embeddable":true,"href":"https:\/\/infozamoraec.com\/index.php\/wp-json\/wp\/v2\/comments?post=16328"}],"version-history":[{"count":1,"href":"https:\/\/infozamoraec.com\/index.php\/wp-json\/wp\/v2\/posts\/16328\/revisions"}],"predecessor-version":[{"id":16332,"href":"https:\/\/infozamoraec.com\/index.php\/wp-json\/wp\/v2\/posts\/16328\/revisions\/16332"}],"wp:featuredmedia":[{"embeddable":true,"href":"https:\/\/infozamoraec.com\/index.php\/wp-json\/wp\/v2\/media\/16331"}],"wp:attachment":[{"href":"https:\/\/infozamoraec.com\/index.php\/wp-json\/wp\/v2\/media?parent=16328"}],"wp:term":[{"taxonomy":"category","embeddable":true,"href":"https:\/\/infozamoraec.com\/index.php\/wp-json\/wp\/v2\/categories?post=16328"},{"taxonomy":"post_tag","embeddable":true,"href":"https:\/\/infozamoraec.com\/index.php\/wp-json\/wp\/v2\/tags?post=16328"}],"curies":[{"name":"wp","href":"https:\/\/api.w.org\/{rel}","templated":true}]}}