{"id":16327,"date":"2025-10-09T01:35:14","date_gmt":"2025-10-09T01:35:14","guid":{"rendered":"https:\/\/infozamoraec.com\/?p=16327"},"modified":"2025-10-09T01:37:56","modified_gmt":"2025-10-09T01:37:56","slug":"desde-el-9-de-octubre-el-cne-notificara-a-los-miembros-de-las-juntas-receptoras-del-voto-para-el-referendo-y-consulta-popular-2025","status":"publish","type":"post","link":"https:\/\/infozamoraec.com\/index.php\/2025\/10\/09\/desde-el-9-de-octubre-el-cne-notificara-a-los-miembros-de-las-juntas-receptoras-del-voto-para-el-referendo-y-consulta-popular-2025\/","title":{"rendered":"Desde el 9 de octubre, el CNE notificar\u00e1 a los miembros de las juntas receptoras del voto para el referendo y consulta popular 2025"},"content":{"rendered":"<p>El Consejo Nacional Electoral (CNE) empezar\u00e1, desde el 9 de octubre, a notificar a los ciudadanos que resultaron elegidos para integrar la Juntas Receptoras del Voto (JRV) del referendo y consulta popular de noviembre de 2025.<\/p>\n<p>Este jueves 8 de octubre, las Delegaciones Provinciales Electorales realizaron el sorteo para definir a las 291.080 personas que conformar\u00e1n las 41.993 mesas para sufragar dispuestas para el proceso electoral impulsado por el presidente Daniel Noboa.<\/p>\n<p>Estas son las preguntas del Refer\u00e9ndum y Consulta Popular 2025 que los ecuatorianos responder\u00e1n en las urnas<\/p>\n<p>El sistema de selecci\u00f3n del CNE aplica los siguientes par\u00e1metros de prioridad para escoger a los miembros de las JRV:<\/p>\n<p>Estudiantes universitarios.<\/p>\n<p>Empleados privados.<\/p>\n<p>Empleados p\u00fablicos.<\/p>\n<p>Estudiantes de bachillerato mayores a 18 a\u00f1os.<\/p>\n<p>Las jornadas de capacitaci\u00f3n para integrar las mesas arrancar\u00e1n el 9 de octubre y se extender\u00e1 incluso a la fecha misma del referendo, programada para el domingo 16 de noviembre.<\/p>\n<p>La capacitaci\u00f3n es obligatoria y la inasistencia a las mismas se sanciona con una multa equivalente al 10% de un Salario B\u00e1sico Unificado, es decir USD 47.<\/p>\n<p>Estas son todas las organizaciones calificadas para campa\u00f1a de la Consulta Popular 2025<\/p>\n<p>El proceso de notificaci\u00f3n se extender\u00e1 hasta el 1 de noviembre, de forma presencial en las universidades. Tambi\u00e9n, se habilitar\u00e1 desde el 9 de octubre una pesta\u00f1a de consultas en la p\u00e1gina web del CNE.<\/p>\n","protected":false},"excerpt":{"rendered":"<p>El Consejo Nacional Electoral (CNE) empezar\u00e1, desde el 9 de octubre, a notificar a los ciudadanos que resultaron elegidos para integrar la Juntas Receptoras del Voto (JRV) del referendo y consulta popular de noviembre de 2025. Este jueves 8 de octubre, las Delegaciones Provinciales Electorales realizaron el sorteo para definir a las 291.080 personas que [&hellip;]<\/p>\n","protected":false},"author":1,"featured_media":16329,"comment_status":"open","ping_status":"open","sticky":false,"template":"","format":"standard","meta":{"footnotes":""},"categories":[12],"tags":[],"_links":{"self":[{"href":"https:\/\/infozamoraec.com\/index.php\/wp-json\/wp\/v2\/posts\/16327"}],"collection":[{"href":"https:\/\/infozamoraec.com\/index.php\/wp-json\/wp\/v2\/posts"}],"about":[{"href":"https:\/\/infozamoraec.com\/index.php\/wp-json\/wp\/v2\/types\/post"}],"author":[{"embeddable":true,"href":"https:\/\/infozamoraec.com\/index.php\/wp-json\/wp\/v2\/users\/1"}],"replies":[{"embeddable":true,"href":"https:\/\/infozamoraec.com\/index.php\/wp-json\/wp\/v2\/comments?post=16327"}],"version-history":[{"count":1,"href":"https:\/\/infozamoraec.com\/index.php\/wp-json\/wp\/v2\/posts\/16327\/revisions"}],"predecessor-version":[{"id":16330,"href":"https:\/\/infozamoraec.com\/index.php\/wp-json\/wp\/v2\/posts\/16327\/revisions\/16330"}],"wp:featuredmedia":[{"embeddable":true,"href":"https:\/\/infozamoraec.com\/index.php\/wp-json\/wp\/v2\/media\/16329"}],"wp:attachment":[{"href":"https:\/\/infozamoraec.com\/index.php\/wp-json\/wp\/v2\/media?parent=16327"}],"wp:term":[{"taxonomy":"category","embeddable":true,"href":"https:\/\/infozamoraec.com\/index.php\/wp-json\/wp\/v2\/categories?post=16327"},{"taxonomy":"post_tag","embeddable":true,"href":"https:\/\/infozamoraec.com\/index.php\/wp-json\/wp\/v2\/tags?post=16327"}],"curies":[{"name":"wp","href":"https:\/\/api.w.org\/{rel}","templated":true}]}}