{"id":16320,"date":"2025-10-09T01:31:00","date_gmt":"2025-10-09T01:31:00","guid":{"rendered":"https:\/\/infozamoraec.com\/?p=16320"},"modified":"2025-10-09T01:31:00","modified_gmt":"2025-10-09T01:31:00","slug":"jueza-declara-ilegal-la-detencion-de-los-cinco-que-supuestamente-atentaron-contra-noboa-en-canar-y-ordena-su-liberacion","status":"publish","type":"post","link":"https:\/\/infozamoraec.com\/index.php\/2025\/10\/09\/jueza-declara-ilegal-la-detencion-de-los-cinco-que-supuestamente-atentaron-contra-noboa-en-canar-y-ordena-su-liberacion\/","title":{"rendered":"Jueza declara ilegal la detenci\u00f3n de los cinco que supuestamente atentaron contra Noboa en Ca\u00f1ar y ordena su liberaci\u00f3n"},"content":{"rendered":"<p>La jueza de lo penal, Erika \u00c1lvarez del cant\u00f3n Azogues, declara ilegal la detenci\u00f3n de cuatro personas tras ataque a caravana de Daniel Noboa.<\/p>\n<p>De su lado, la Fiscal\u00eda no formul\u00f3 cargos. La magistrada adopt\u00f3 esta resoluci\u00f3n en la audiencia de flagrancia que se desarroll\u00f3 desde el mediod\u00eda. Durante la diligencia se discuti\u00f3 la legalidad de la aprehensi\u00f3n de las cuatro personas, se conoci\u00f3 el parte policial de lo ocurrido en la v\u00edspera y la fiscal de la Unidot n\u00famero 8, Martha Villamar\u00edn Paredes, solicit\u00f3 la formulaci\u00f3n de cargos contra los cinco sospechosos.<\/p>\n<p>Los detenidos responden a los nombres de Franklin Pichizaca Pomavilla (38 a\u00f1os), Jaime Arcibiades Guaman Guaraca, Mar\u00eda Ana Chimbo Quinde (27), Luis Humberto Yupa Guaman (26) y Jos\u00e9 Guaman Chuma (60).<\/p>\n<p>Fiscal\u00eda se\u00f1al\u00f3 por el delito de ataque o resistencia, establecido en el art\u00edculo 283 del C\u00f3digo Org\u00e1nico Integral Penal (COIP), en relaci\u00f3n al delito de da\u00f1o a bien ajeno, establecido en el art\u00edculo 204, numeral 1.<\/p>\n","protected":false},"excerpt":{"rendered":"<p>La jueza de lo penal, Erika \u00c1lvarez del cant\u00f3n Azogues, declara ilegal la detenci\u00f3n de cuatro personas tras ataque a caravana de Daniel Noboa. De su lado, la Fiscal\u00eda no formul\u00f3 cargos. La magistrada adopt\u00f3 esta resoluci\u00f3n en la audiencia de flagrancia que se desarroll\u00f3 desde el mediod\u00eda. Durante la diligencia se discuti\u00f3 la legalidad [&hellip;]<\/p>\n","protected":false},"author":1,"featured_media":16322,"comment_status":"open","ping_status":"open","sticky":false,"template":"","format":"standard","meta":{"footnotes":""},"categories":[12],"tags":[],"_links":{"self":[{"href":"https:\/\/infozamoraec.com\/index.php\/wp-json\/wp\/v2\/posts\/16320"}],"collection":[{"href":"https:\/\/infozamoraec.com\/index.php\/wp-json\/wp\/v2\/posts"}],"about":[{"href":"https:\/\/infozamoraec.com\/index.php\/wp-json\/wp\/v2\/types\/post"}],"author":[{"embeddable":true,"href":"https:\/\/infozamoraec.com\/index.php\/wp-json\/wp\/v2\/users\/1"}],"replies":[{"embeddable":true,"href":"https:\/\/infozamoraec.com\/index.php\/wp-json\/wp\/v2\/comments?post=16320"}],"version-history":[{"count":1,"href":"https:\/\/infozamoraec.com\/index.php\/wp-json\/wp\/v2\/posts\/16320\/revisions"}],"predecessor-version":[{"id":16323,"href":"https:\/\/infozamoraec.com\/index.php\/wp-json\/wp\/v2\/posts\/16320\/revisions\/16323"}],"wp:featuredmedia":[{"embeddable":true,"href":"https:\/\/infozamoraec.com\/index.php\/wp-json\/wp\/v2\/media\/16322"}],"wp:attachment":[{"href":"https:\/\/infozamoraec.com\/index.php\/wp-json\/wp\/v2\/media?parent=16320"}],"wp:term":[{"taxonomy":"category","embeddable":true,"href":"https:\/\/infozamoraec.com\/index.php\/wp-json\/wp\/v2\/categories?post=16320"},{"taxonomy":"post_tag","embeddable":true,"href":"https:\/\/infozamoraec.com\/index.php\/wp-json\/wp\/v2\/tags?post=16320"}],"curies":[{"name":"wp","href":"https:\/\/api.w.org\/{rel}","templated":true}]}}