{"id":16314,"date":"2025-10-09T01:23:03","date_gmt":"2025-10-09T01:23:03","guid":{"rendered":"https:\/\/infozamoraec.com\/?p=16314"},"modified":"2025-10-09T01:23:03","modified_gmt":"2025-10-09T01:23:03","slug":"bomberos-de-zamora-chinchipe-celebraron-su-dia-clasico-con-integracion-y-homenaje-en-la-capital-provincial","status":"publish","type":"post","link":"https:\/\/infozamoraec.com\/index.php\/2025\/10\/09\/bomberos-de-zamora-chinchipe-celebraron-su-dia-clasico-con-integracion-y-homenaje-en-la-capital-provincial\/","title":{"rendered":"Bomberos de Zamora Chinchipe celebraron su D\u00eda Cl\u00e1sico con integraci\u00f3n y homenaje en la capital provincial"},"content":{"rendered":"<p data-start=\"114\" data-end=\"392\">En un ambiente de unidad, compromiso y reconocimiento al servicio, los <strong data-start=\"217\" data-end=\"276\">cuerpos de bomberos de la provincia de Zamora Chinchipe<\/strong> celebraron su <strong data-start=\"291\" data-end=\"306\">D\u00eda Cl\u00e1sico<\/strong> este <strong data-start=\"312\" data-end=\"346\">mi\u00e9rcoles 8 de octubre de 2025<\/strong> en la ciudad de Zamora, capital provincial.<\/p>\n<p data-start=\"394\" data-end=\"710\">El evento, organizado por el <strong data-start=\"423\" data-end=\"455\">Cuerpo de Bomberos de Zamora<\/strong>, cont\u00f3 con la coordinaci\u00f3n de<strong data-start=\"487\" data-end=\"516\">\u00a0Rodolfo P\u00e9rez<\/strong>, comandante de la instituci\u00f3n, quien convoc\u00f3 a los representantes de los distintos cuerpos de bomberos cantonales para compartir una jornada de <strong data-start=\"661\" data-end=\"707\">capacitaci\u00f3n, integraci\u00f3n y confraternidad<\/strong>.<\/p>\n<p data-start=\"712\" data-end=\"981\">Durante la celebraci\u00f3n se desarrollaron <strong data-start=\"752\" data-end=\"780\">competencias de triatl\u00f3n<\/strong>, una <strong data-start=\"786\" data-end=\"802\">casa abierta<\/strong> y <strong data-start=\"805\" data-end=\"831\">exhibiciones pr\u00e1cticas<\/strong>, en las que la ciudadan\u00eda pudo conocer de cerca el trabajo que cumple el personal bomberil en <strong data-start=\"926\" data-end=\"978\">prevenci\u00f3n, atenci\u00f3n y mitigaci\u00f3n de emergencias<\/strong>.<\/p>\n<p data-start=\"983\" data-end=\"1372\">El acto central cont\u00f3 con la presencia del <strong data-start=\"1026\" data-end=\"1054\">concejal Wilmer Espinosa<\/strong>, delegado del alcalde <strong data-start=\"1077\" data-end=\"1096\">Manuel Gonz\u00e1lez<\/strong> y miembro del <strong data-start=\"1111\" data-end=\"1153\">Consejo de Administraci\u00f3n y Disciplina<\/strong>, junto al jefe P\u00e9rez, personal operativo e invitados especiales. Entre las actividades m\u00e1s destacadas estuvo la <strong data-start=\"1266\" data-end=\"1333\">demostraci\u00f3n de los canes del Batall\u00f3n de Selva N.\u00ba 62 \u201cZamora\u201d<\/strong>, que recibi\u00f3 la ovaci\u00f3n del p\u00fablico.<\/p>\n<p data-start=\"1374\" data-end=\"1727\">El <strong data-start=\"1377\" data-end=\"1404\">GAD Municipal de Zamora<\/strong> expres\u00f3 su reconocimiento a los bomberos de la provincia por su valent\u00eda, disciplina y compromiso con la seguridad ciudadana. \u201cHonor y gratitud a nuestros h\u00e9roes de la casaca roja, que con entrega y sacrificio protegen vidas y bienes d\u00eda a d\u00eda\u201d, fue el mensaje institucional compartido en homenaje a esta fecha especial.<\/p>\n<p data-start=\"1729\" data-end=\"1933\">Cabe recordar que el <strong data-start=\"1750\" data-end=\"1781\">D\u00eda del Bombero Ecuatoriano<\/strong> se celebra oficialmente el <strong data-start=\"1809\" data-end=\"1826\">10 de octubre<\/strong>, sin embargo, por el feriado nacional se adelant\u00f3 su conmemoraci\u00f3n para este <strong data-start=\"1904\" data-end=\"1930\">mi\u00e9rcoles 8 de octubre<\/strong>.<\/p>\n","protected":false},"excerpt":{"rendered":"<p>En un ambiente de unidad, compromiso y reconocimiento al servicio, los cuerpos de bomberos de la provincia de Zamora Chinchipe celebraron su D\u00eda Cl\u00e1sico este mi\u00e9rcoles 8 de octubre de 2025 en la ciudad de Zamora, capital provincial. El evento, organizado por el Cuerpo de Bomberos de Zamora, cont\u00f3 con la coordinaci\u00f3n de\u00a0Rodolfo P\u00e9rez, comandante [&hellip;]<\/p>\n","protected":false},"author":1,"featured_media":16315,"comment_status":"open","ping_status":"open","sticky":false,"template":"","format":"standard","meta":{"footnotes":""},"categories":[9],"tags":[],"_links":{"self":[{"href":"https:\/\/infozamoraec.com\/index.php\/wp-json\/wp\/v2\/posts\/16314"}],"collection":[{"href":"https:\/\/infozamoraec.com\/index.php\/wp-json\/wp\/v2\/posts"}],"about":[{"href":"https:\/\/infozamoraec.com\/index.php\/wp-json\/wp\/v2\/types\/post"}],"author":[{"embeddable":true,"href":"https:\/\/infozamoraec.com\/index.php\/wp-json\/wp\/v2\/users\/1"}],"replies":[{"embeddable":true,"href":"https:\/\/infozamoraec.com\/index.php\/wp-json\/wp\/v2\/comments?post=16314"}],"version-history":[{"count":1,"href":"https:\/\/infozamoraec.com\/index.php\/wp-json\/wp\/v2\/posts\/16314\/revisions"}],"predecessor-version":[{"id":16316,"href":"https:\/\/infozamoraec.com\/index.php\/wp-json\/wp\/v2\/posts\/16314\/revisions\/16316"}],"wp:featuredmedia":[{"embeddable":true,"href":"https:\/\/infozamoraec.com\/index.php\/wp-json\/wp\/v2\/media\/16315"}],"wp:attachment":[{"href":"https:\/\/infozamoraec.com\/index.php\/wp-json\/wp\/v2\/media?parent=16314"}],"wp:term":[{"taxonomy":"category","embeddable":true,"href":"https:\/\/infozamoraec.com\/index.php\/wp-json\/wp\/v2\/categories?post=16314"},{"taxonomy":"post_tag","embeddable":true,"href":"https:\/\/infozamoraec.com\/index.php\/wp-json\/wp\/v2\/tags?post=16314"}],"curies":[{"name":"wp","href":"https:\/\/api.w.org\/{rel}","templated":true}]}}