{"id":16307,"date":"2025-10-09T01:15:33","date_gmt":"2025-10-09T01:15:33","guid":{"rendered":"https:\/\/infozamoraec.com\/?p=16307"},"modified":"2025-10-09T01:15:33","modified_gmt":"2025-10-09T01:15:33","slug":"menor-de-2-anos-fallece-tras-ser-arrollado-por-un-camion-en-la-parroquia-chito-canton-chinchipe","status":"publish","type":"post","link":"https:\/\/infozamoraec.com\/index.php\/2025\/10\/09\/menor-de-2-anos-fallece-tras-ser-arrollado-por-un-camion-en-la-parroquia-chito-canton-chinchipe\/","title":{"rendered":"Menor de 2 a\u00f1os fallece tras ser arrollado por un cami\u00f3n en la parroquia Chito, cant\u00f3n Chinchipe"},"content":{"rendered":"<p data-start=\"104\" data-end=\"425\">Un tr\u00e1gico accidente de tr\u00e1nsito se registr\u00f3 la noche de este martes <strong data-start=\"208\" data-end=\"232\">7 de octubre de 2025<\/strong>, en la <strong data-start=\"240\" data-end=\"259\">parroquia Chito<\/strong>, cant\u00f3n Chinchipe, donde un <strong data-start=\"288\" data-end=\"315\">menor de solo 2 a\u00f1os de edad<\/strong> perdi\u00f3 la vida tras ser <strong data-start=\"340\" data-end=\"381\">arrollado por un veh\u00edculo tipo cami\u00f3n<\/strong> frente al parque Central de la localidad.<\/p>\n<p data-start=\"427\" data-end=\"651\">De acuerdo con el informe de la <strong data-start=\"459\" data-end=\"524\">Polic\u00eda Nacional del Ecuador, <\/strong>el siniestro fue reportado cerca de las <strong data-start=\"559\" data-end=\"568\">20h30<\/strong> y atendido por las unidades de emergencia del ECU 911.<\/p>\n<p data-start=\"653\" data-end=\"1052\">El veh\u00edculo involucrado corresponde a un <strong data-start=\"694\" data-end=\"729\">cami\u00f3n marca HINO, color blanco<\/strong>, \u00a0de propiedad de una empresa <strong data-start=\"783\" data-end=\"804\">privada<\/strong>. El conductor fue identificado como <strong data-start=\"841\" data-end=\"875\">Carlos Jonatan S. P. <\/strong>quien fue <strong data-start=\"925\" data-end=\"940\">aprehendido<\/strong> por personal policial tras confirmarse el fallecimiento del menor identificado con las iniciales <strong data-start=\"1038\" data-end=\"1050\">L.N.R.P.<\/strong><\/p>\n<p data-start=\"1054\" data-end=\"1413\">Seg\u00fan el reporte preliminar, el accidente se produjo en una v\u00eda sin nombre, frente al parque Central de Chito, cuando el veh\u00edculo circulaba en sentido <strong data-start=\"1205\" data-end=\"1253\">Iglesia Parroquial \u2013 GAD Parroquial de Chito<\/strong>. Las causas exactas del siniestro se encuentran <strong data-start=\"1302\" data-end=\"1333\">en proceso de investigaci\u00f3n<\/strong> por parte del <strong data-start=\"1348\" data-end=\"1410\">Servicio de Investigaci\u00f3n de Accidentes de Tr\u00e1nsito (SIAT)<\/strong>.<\/p>\n<p data-start=\"1415\" data-end=\"1701\">El <strong data-start=\"1418\" data-end=\"1455\">Fiscal de turno, <\/strong>acudi\u00f3 al lugar del hecho y autoriz\u00f3 el <strong data-start=\"1497\" data-end=\"1525\">levantamiento del cuerpo; s<\/strong>in embargo, por petici\u00f3n de los familiares y con autorizaci\u00f3n del Fiscal, <strong data-start=\"1602\" data-end=\"1659\">no se realiz\u00f3 el traslado del menor al Centro Forense. <\/strong>El <strong data-start=\"1706\" data-end=\"1731\">veh\u00edculo fue retenido<\/strong> y trasladado a los patios del <strong data-start=\"1762\" data-end=\"1778\">UPC de Zumba<\/strong>, mientras contin\u00faan las pericias correspondientes.<\/p>\n<p data-start=\"1833\" data-end=\"2054\" data-is-last-node=\"\" data-is-only-node=\"\">Las autoridades expresaron su solidaridad con la familia afectada y reiteraron el llamado a la ciudadan\u00eda a mantener la <strong data-start=\"1953\" data-end=\"1997\">precauci\u00f3n y responsabilidad en las v\u00edas<\/strong>, especialmente en zonas pobladas y de tr\u00e1nsito peatonal.<\/p>\n","protected":false},"excerpt":{"rendered":"<p>Un tr\u00e1gico accidente de tr\u00e1nsito se registr\u00f3 la noche de este martes 7 de octubre de 2025, en la parroquia Chito, cant\u00f3n Chinchipe, donde un menor de solo 2 a\u00f1os de edad perdi\u00f3 la vida tras ser arrollado por un veh\u00edculo tipo cami\u00f3n frente al parque Central de la localidad. De acuerdo con el informe [&hellip;]<\/p>\n","protected":false},"author":1,"featured_media":16312,"comment_status":"open","ping_status":"open","sticky":false,"template":"","format":"standard","meta":{"footnotes":""},"categories":[9],"tags":[],"_links":{"self":[{"href":"https:\/\/infozamoraec.com\/index.php\/wp-json\/wp\/v2\/posts\/16307"}],"collection":[{"href":"https:\/\/infozamoraec.com\/index.php\/wp-json\/wp\/v2\/posts"}],"about":[{"href":"https:\/\/infozamoraec.com\/index.php\/wp-json\/wp\/v2\/types\/post"}],"author":[{"embeddable":true,"href":"https:\/\/infozamoraec.com\/index.php\/wp-json\/wp\/v2\/users\/1"}],"replies":[{"embeddable":true,"href":"https:\/\/infozamoraec.com\/index.php\/wp-json\/wp\/v2\/comments?post=16307"}],"version-history":[{"count":1,"href":"https:\/\/infozamoraec.com\/index.php\/wp-json\/wp\/v2\/posts\/16307\/revisions"}],"predecessor-version":[{"id":16313,"href":"https:\/\/infozamoraec.com\/index.php\/wp-json\/wp\/v2\/posts\/16307\/revisions\/16313"}],"wp:featuredmedia":[{"embeddable":true,"href":"https:\/\/infozamoraec.com\/index.php\/wp-json\/wp\/v2\/media\/16312"}],"wp:attachment":[{"href":"https:\/\/infozamoraec.com\/index.php\/wp-json\/wp\/v2\/media?parent=16307"}],"wp:term":[{"taxonomy":"category","embeddable":true,"href":"https:\/\/infozamoraec.com\/index.php\/wp-json\/wp\/v2\/categories?post=16307"},{"taxonomy":"post_tag","embeddable":true,"href":"https:\/\/infozamoraec.com\/index.php\/wp-json\/wp\/v2\/tags?post=16307"}],"curies":[{"name":"wp","href":"https:\/\/api.w.org\/{rel}","templated":true}]}}