{"id":16292,"date":"2025-10-08T01:33:23","date_gmt":"2025-10-08T01:33:23","guid":{"rendered":"https:\/\/infozamoraec.com\/?p=16292"},"modified":"2025-10-08T01:33:23","modified_gmt":"2025-10-08T01:33:23","slug":"paro-nacional-ecuador-presidente-del-cut-rechaza-vandalismo-del-sector-indigena","status":"publish","type":"post","link":"https:\/\/infozamoraec.com\/index.php\/2025\/10\/08\/paro-nacional-ecuador-presidente-del-cut-rechaza-vandalismo-del-sector-indigena\/","title":{"rendered":"Paro nacional Ecuador: Presidente del CUT rechaza vandalismo del sector ind\u00edgena"},"content":{"rendered":"<p>En medio del paro nacional convocado por la Confederaci\u00f3n de Nacionalidades Ind\u00edgenas del Ecuador (Conaie), el presidente de la Central Unitaria de Trabajadores (CUT), Oswaldo Chica, se pronunci\u00f3 con firmeza contra los actos de violencia registrados en varias provincias del pa\u00eds.<\/p>\n<p>El dirigente sindical expres\u00f3 su rechazo al vandalismo que, seg\u00fan \u00e9l, ha desvirtuado el car\u00e1cter leg\u00edtimo de la protesta social. \u201cLos trabajadores lo que queremos es producir, lo que queremos es trabajar. El pa\u00eds necesita trabajar. Ya basta de las paralizaciones\u201d, declar\u00f3 Chica en entrevista con medios locales. El l\u00edder sindical cuestion\u00f3 que \u201cmenos del 1% de la poblaci\u00f3n est\u00e9 cerrando las v\u00edas\u201d, y enfatiz\u00f3 que las manifestaciones han dejado de ser pac\u00edficas para convertirse en acciones que calific\u00f3 como \u201cterrorismo\u201d.<\/p>\n<p>Durante su intervenci\u00f3n, Chica denunci\u00f3 da\u00f1os a veh\u00edculos de transporte, como llantas destruidas y parabrisas rotos, y cuestion\u00f3 qui\u00e9n asumir\u00e1 los costos de esas p\u00e9rdidas. \u201c\u00bfAcaso la va a pagar el se\u00f1or Vargas?\u201d, dijo en referencia a Marlon Vargas, presidente de la Conaie, a quien acus\u00f3 de atribuirse un rol de liderazgo nacional por encima del presidente de la Rep\u00fablica.<\/p>\n<p>La CUT respalda las decisiones de Daniel Noboa<br \/>\nLa CUT, bajo la direcci\u00f3n de Chica, ha manifestado su respaldo total al gobierno de Daniel Noboa y a las medidas adoptadas para enfrentar el paro. \u201cEste gobierno ha tenido los pantalones para tomar decisiones dif\u00edciles, y el pueblo lo respalda\u201d, afirm\u00f3.<\/p>\n<p>El paro ind\u00edgena, que inici\u00f3 el 22 de septiembre en rechazo a la eliminaci\u00f3n del subsidio al di\u00e9sel, ha generado bloqueos en al menos nueve v\u00edas del pa\u00eds, enfrentamientos con la fuerza p\u00fablica, y p\u00e9rdidas econ\u00f3micas que superan los 70 millones de d\u00f3lares, seg\u00fan gremios productivos.<\/p>\n<p>Mientras tanto, el di\u00e1logo entre el Ejecutivo y los sectores movilizados permanece suspendido. Chica insisti\u00f3 en que la protesta debe mantenerse dentro de los m\u00e1rgenes democr\u00e1ticos.<\/p>\n","protected":false},"excerpt":{"rendered":"<p>En medio del paro nacional convocado por la Confederaci\u00f3n de Nacionalidades Ind\u00edgenas del Ecuador (Conaie), el presidente de la Central Unitaria de Trabajadores (CUT), Oswaldo Chica, se pronunci\u00f3 con firmeza contra los actos de violencia registrados en varias provincias del pa\u00eds. El dirigente sindical expres\u00f3 su rechazo al vandalismo que, seg\u00fan \u00e9l, ha desvirtuado el [&hellip;]<\/p>\n","protected":false},"author":1,"featured_media":16293,"comment_status":"open","ping_status":"open","sticky":false,"template":"","format":"standard","meta":{"footnotes":""},"categories":[12],"tags":[],"_links":{"self":[{"href":"https:\/\/infozamoraec.com\/index.php\/wp-json\/wp\/v2\/posts\/16292"}],"collection":[{"href":"https:\/\/infozamoraec.com\/index.php\/wp-json\/wp\/v2\/posts"}],"about":[{"href":"https:\/\/infozamoraec.com\/index.php\/wp-json\/wp\/v2\/types\/post"}],"author":[{"embeddable":true,"href":"https:\/\/infozamoraec.com\/index.php\/wp-json\/wp\/v2\/users\/1"}],"replies":[{"embeddable":true,"href":"https:\/\/infozamoraec.com\/index.php\/wp-json\/wp\/v2\/comments?post=16292"}],"version-history":[{"count":1,"href":"https:\/\/infozamoraec.com\/index.php\/wp-json\/wp\/v2\/posts\/16292\/revisions"}],"predecessor-version":[{"id":16294,"href":"https:\/\/infozamoraec.com\/index.php\/wp-json\/wp\/v2\/posts\/16292\/revisions\/16294"}],"wp:featuredmedia":[{"embeddable":true,"href":"https:\/\/infozamoraec.com\/index.php\/wp-json\/wp\/v2\/media\/16293"}],"wp:attachment":[{"href":"https:\/\/infozamoraec.com\/index.php\/wp-json\/wp\/v2\/media?parent=16292"}],"wp:term":[{"taxonomy":"category","embeddable":true,"href":"https:\/\/infozamoraec.com\/index.php\/wp-json\/wp\/v2\/categories?post=16292"},{"taxonomy":"post_tag","embeddable":true,"href":"https:\/\/infozamoraec.com\/index.php\/wp-json\/wp\/v2\/tags?post=16292"}],"curies":[{"name":"wp","href":"https:\/\/api.w.org\/{rel}","templated":true}]}}