{"id":16289,"date":"2025-10-08T01:30:50","date_gmt":"2025-10-08T01:30:50","guid":{"rendered":"https:\/\/infozamoraec.com\/?p=16289"},"modified":"2025-10-08T01:30:50","modified_gmt":"2025-10-08T01:30:50","slug":"16to-dia-de-paro-vias-cerradas-en-tres-provincias","status":"publish","type":"post","link":"https:\/\/infozamoraec.com\/index.php\/2025\/10\/08\/16to-dia-de-paro-vias-cerradas-en-tres-provincias\/","title":{"rendered":"16to d\u00eda de paro: v\u00edas cerradas en tres provincias"},"content":{"rendered":"<p>En la tercera semana de protestas contra el Gobierno ecuatoriano por la eliminaci\u00f3n del subsidio al di\u00e9sel, se han reportado cierres viales en tres provincias del pa\u00eds: Chimborazo, Pichincha e Imbabura.<\/p>\n<p>El presidente de la Rep\u00fablica, Daniel Noboa, ha expresado que no va a negociar con los manifestantes, liderados por la Confederaci\u00f3n de Nacionalidades Ind\u00edgenas del Ecuador (Conaie), argumentando que el subsidio no favorece a los ciudadanos sino que contribuye a actividades il\u00edcitas como el contrabando.<\/p>\n<p>Como respuesta, el l\u00edder de la Conaie Marlon Vargas, llam\u00f3 \u00abprepotente\u00bb al primer mandatario y amenaz\u00f3 con llevar las manifestaciones a Quito, la capital del pa\u00eds (hasta el momento, las protestas se han concentrado en la provincia andina de Imbabura). \u00abCuidado\u00bb, dijo. \u00abLa Conaie y sus estructuras est\u00e1 en capacidad de tomar decisiones. Si hay que ir a radicalizar, vamos a radicalizar el paro nacional. Y si tenemos que tomarnos la ciudad de Quito, vamos a tomarnos\u00bb<\/p>\n<p>En todas estas provincias se suspendi\u00f3 el derecho a la libertad de reuni\u00f3n, que implica que durante las veinticuatro horas estar\u00e1 limitada la conformaci\u00f3n de aglomeraciones en espacios p\u00fablicos con el objetivo de paralizar los servicios.<\/p>\n<p>El presidente Noboa respondi\u00f3 el domingo que nadie pod\u00eda \u00abtomarse por la fuerza la capital\u00bb y que a los que elijan la violencia \u00ablos espera la ley\u00bb, y anunci\u00f3 que para \u00abimpulsar\u00bb la econom\u00eda se adelantar\u00eda el pago del bono navide\u00f1o a los empleados p\u00fablicos al 14 de noviembre, dos d\u00edas antes del refer\u00e9ndum en el que, entre otros temas, se votar\u00e1 sobre la instauraci\u00f3n de una Asamblea Constituyente que elabore una nueva Constituci\u00f3n.<\/p>\n<p>Tambi\u00e9n dijo que se reducir\u00eda el impuesto al valor agregado (IVA) del 15 % al 8 % durante el puente festivo nacional que alarg\u00f3 d\u00edas atr\u00e1s.<\/p>\n<p>Por su parte, el alcalde de Quito, Pabel Mu\u00f1oz, asegur\u00f3 que la ciudad no iba a ser \u00abreh\u00e9n\u00bb ni \u00abde errores ajenos ni de ninguna amenaza\u00bb y este lunes los concejales se reunieron para exigir al Gobierno que \u00abimplemente todas las acciones preventivas posibles\u00bb para evitar que se generen actos de violencia en la capital.<\/p>\n<p>Adem\u00e1s, instaron a Mu\u00f1oz a que mantenga \u00aben estado de alerta\u00bb a toda la Municipalidad para precautelar las infraestructuras estrat\u00e9gicas de la ciudad ante una posible toma del movimiento ind\u00edgena.<\/p>\n<p>La Conaie habla de presencia militar en Ca\u00f1ar<br \/>\nA trav\u00e9s de su cuenta oficial de X, la Conaie asegur\u00f3 que tanquetas y efectivos de las Fuerzas Armadas fueron desplegados en el cant\u00f3n El Tambo, provincia de Ca\u00f1ar. \u00abEste despliegue no es seguridad\u00bb, asegura el mensaje. \u00abEs intimidaci\u00f3n al pueblo que resiste\u00bb.<\/p>\n<p>El presidente Noboa planea visitar tanto Ca\u00f1ar como la ciudad de Cuenca (provincia de Azuay) este martes. Seg\u00fan su agenda, el mandatario participar\u00e1 en un evento en la Unidad Educativa Manuel J. Calle. (I)<\/p>\n<p>Con textos de la agencia EFE.<\/p>\n","protected":false},"excerpt":{"rendered":"<p>En la tercera semana de protestas contra el Gobierno ecuatoriano por la eliminaci\u00f3n del subsidio al di\u00e9sel, se han reportado cierres viales en tres provincias del pa\u00eds: Chimborazo, Pichincha e Imbabura. El presidente de la Rep\u00fablica, Daniel Noboa, ha expresado que no va a negociar con los manifestantes, liderados por la Confederaci\u00f3n de Nacionalidades Ind\u00edgenas [&hellip;]<\/p>\n","protected":false},"author":1,"featured_media":16290,"comment_status":"open","ping_status":"open","sticky":false,"template":"","format":"standard","meta":{"footnotes":""},"categories":[12],"tags":[],"_links":{"self":[{"href":"https:\/\/infozamoraec.com\/index.php\/wp-json\/wp\/v2\/posts\/16289"}],"collection":[{"href":"https:\/\/infozamoraec.com\/index.php\/wp-json\/wp\/v2\/posts"}],"about":[{"href":"https:\/\/infozamoraec.com\/index.php\/wp-json\/wp\/v2\/types\/post"}],"author":[{"embeddable":true,"href":"https:\/\/infozamoraec.com\/index.php\/wp-json\/wp\/v2\/users\/1"}],"replies":[{"embeddable":true,"href":"https:\/\/infozamoraec.com\/index.php\/wp-json\/wp\/v2\/comments?post=16289"}],"version-history":[{"count":1,"href":"https:\/\/infozamoraec.com\/index.php\/wp-json\/wp\/v2\/posts\/16289\/revisions"}],"predecessor-version":[{"id":16291,"href":"https:\/\/infozamoraec.com\/index.php\/wp-json\/wp\/v2\/posts\/16289\/revisions\/16291"}],"wp:featuredmedia":[{"embeddable":true,"href":"https:\/\/infozamoraec.com\/index.php\/wp-json\/wp\/v2\/media\/16290"}],"wp:attachment":[{"href":"https:\/\/infozamoraec.com\/index.php\/wp-json\/wp\/v2\/media?parent=16289"}],"wp:term":[{"taxonomy":"category","embeddable":true,"href":"https:\/\/infozamoraec.com\/index.php\/wp-json\/wp\/v2\/categories?post=16289"},{"taxonomy":"post_tag","embeddable":true,"href":"https:\/\/infozamoraec.com\/index.php\/wp-json\/wp\/v2\/tags?post=16289"}],"curies":[{"name":"wp","href":"https:\/\/api.w.org\/{rel}","templated":true}]}}