{"id":16286,"date":"2025-10-08T01:29:04","date_gmt":"2025-10-08T01:29:04","guid":{"rendered":"https:\/\/infozamoraec.com\/?p=16286"},"modified":"2025-10-08T01:29:04","modified_gmt":"2025-10-08T01:29:04","slug":"ministra-manzano-denuncia-presunto-intento-de-asesinato-al-presidente-noboa-en-canar","status":"publish","type":"post","link":"https:\/\/infozamoraec.com\/index.php\/2025\/10\/08\/ministra-manzano-denuncia-presunto-intento-de-asesinato-al-presidente-noboa-en-canar\/","title":{"rendered":"Ministra Manzano denuncia presunto intento de asesinato al presidente Noboa, en Ca\u00f1ar"},"content":{"rendered":"<p>La ministra de Energ\u00eda, In\u00e9s Manzano, ha denunciado en la Fiscal\u00eda General del Estado, una \u00abtentativa de asesinato\u00bb contra el presidente de la Rep\u00fablica, Daniel Noboa, supuestamente ocurrida la ma\u00f1ana de este martes 7 de octubre del 2025, en el cant\u00f3n El Tambo, en Ca\u00f1ar.<\/p>\n<p>Noboa lleg\u00f3 a Ca\u00f1ar para entregar obras de alcantarillado y bonos para la comunidad.<\/p>\n<p>\u201cAntes de llegar al estadio aparecieron 500 personas y lanzaron piedras, y hay signos de bala en el carro del presidente. Gracias a Dios, nuestro presidente, muy firme y valiente, sigue adelante, est\u00e1 haciendo su agenda con normalidad\u201d, ha dicho Manzano, citada por El Universo.<\/p>\n<p>\u201cEstas son las 24 horas m\u00e1s importantes desde esta tentativa de asesinato al presidente. Esto no se va a quedar en la impunidad (\u2026) esto no lo vamos a permitir, Ecuador dice s\u00ed a la paz y al trabajo\u201d, ha agregado Manzano.<\/p>\n<p>En videos que circulan en redes sociales se observa el momento en que supuestos manifestantes lanzan algunas piedras contra la caravana presidencial.<\/p>\n<p>\u00abUn poco de v\u00e1ndalos\u00bb<br \/>\nDesde la Secretar\u00eda de Comunicaci\u00f3n de la Presidencia se\u00f1alaron que el veh\u00edculo en el que iba el presidente \u00abest\u00e1 en an\u00e1lisis de Criminal\u00edstica\u00bb.<\/p>\n<p>Horas despu\u00e9s, en Cuenca, Noboa ha dicho no permitir\u00e1 que \u00abun poco de v\u00e1ndalos\u00bb les impidan trabajar, en referencia al grupo de manifestantes que intent\u00f3 obstaculizar su llegada a un encuentro con estudiantes en el sur del pa\u00eds este martes, cuando se cumple el d\u00eda 16 de protestas ind\u00edgenas contra el alza del di\u00e9sel.<\/p>\n<p>\u00abHoy es el momento de optar por el futuro que queremos para nuestro pa\u00eds. Hoy es el momento de luchar por el desarrollo, pero hacerlo de una manera pac\u00edfica, de una manera inteligente y de una manera colectiva\u00bb, dijo.<\/p>\n<p>Y agreg\u00f3: \u00abNo sigan los malos ejemplos como los que en el camino nos quer\u00edan parar para que no est\u00e9 yo presente en este evento con ustedes y trataron de agredirnos\u00bb.<\/p>\n<p>\u00abEsas agresiones no se aceptan en el nuevo Ecuador, la ley aplica para todos\u00bb, asever\u00f3 antes de agregar que trabaja todos los d\u00edas para dar a los j\u00f3venes un mejor futuro.<\/p>\n<p>CONAIE dice que fueron atacados<br \/>\nEn videos que circulan en redes sociales se observa cuando manifestantes lanzan piedras contra la caravana presidencial y da\u00f1an varios veh\u00edculos.<\/p>\n<p>La Confederaci\u00f3n de Nacionalidades Ind\u00edgenas del Ecuador (Conaie), convocante de un paro de car\u00e1cter nacional que hasta ahora se ha limitado a espor\u00e1dicos cortes de carreteras en cinco de las 24 provincias -siendo Imbabura la m\u00e1s afectada y bloqueada-, denunci\u00f3 que manifestantes fueron reprimidos en Ca\u00f1ar.<\/p>\n<p>En sus redes sociales presentaron envases de bombas lagrim\u00f3genas vac\u00edas que aseguran usaron los militares para dispersarlos, as\u00ed como videos en los que se aprecia a los manifestantes cuando lanzan piedras a los soldados para defenderse.<\/p>\n","protected":false},"excerpt":{"rendered":"<p>La ministra de Energ\u00eda, In\u00e9s Manzano, ha denunciado en la Fiscal\u00eda General del Estado, una \u00abtentativa de asesinato\u00bb contra el presidente de la Rep\u00fablica, Daniel Noboa, supuestamente ocurrida la ma\u00f1ana de este martes 7 de octubre del 2025, en el cant\u00f3n El Tambo, en Ca\u00f1ar. Noboa lleg\u00f3 a Ca\u00f1ar para entregar obras de alcantarillado y [&hellip;]<\/p>\n","protected":false},"author":1,"featured_media":16287,"comment_status":"open","ping_status":"open","sticky":false,"template":"","format":"standard","meta":{"footnotes":""},"categories":[12],"tags":[],"_links":{"self":[{"href":"https:\/\/infozamoraec.com\/index.php\/wp-json\/wp\/v2\/posts\/16286"}],"collection":[{"href":"https:\/\/infozamoraec.com\/index.php\/wp-json\/wp\/v2\/posts"}],"about":[{"href":"https:\/\/infozamoraec.com\/index.php\/wp-json\/wp\/v2\/types\/post"}],"author":[{"embeddable":true,"href":"https:\/\/infozamoraec.com\/index.php\/wp-json\/wp\/v2\/users\/1"}],"replies":[{"embeddable":true,"href":"https:\/\/infozamoraec.com\/index.php\/wp-json\/wp\/v2\/comments?post=16286"}],"version-history":[{"count":1,"href":"https:\/\/infozamoraec.com\/index.php\/wp-json\/wp\/v2\/posts\/16286\/revisions"}],"predecessor-version":[{"id":16288,"href":"https:\/\/infozamoraec.com\/index.php\/wp-json\/wp\/v2\/posts\/16286\/revisions\/16288"}],"wp:featuredmedia":[{"embeddable":true,"href":"https:\/\/infozamoraec.com\/index.php\/wp-json\/wp\/v2\/media\/16287"}],"wp:attachment":[{"href":"https:\/\/infozamoraec.com\/index.php\/wp-json\/wp\/v2\/media?parent=16286"}],"wp:term":[{"taxonomy":"category","embeddable":true,"href":"https:\/\/infozamoraec.com\/index.php\/wp-json\/wp\/v2\/categories?post=16286"},{"taxonomy":"post_tag","embeddable":true,"href":"https:\/\/infozamoraec.com\/index.php\/wp-json\/wp\/v2\/tags?post=16286"}],"curies":[{"name":"wp","href":"https:\/\/api.w.org\/{rel}","templated":true}]}}