{"id":16279,"date":"2025-10-08T01:19:45","date_gmt":"2025-10-08T01:19:45","guid":{"rendered":"https:\/\/infozamoraec.com\/?p=16279"},"modified":"2025-10-08T01:19:45","modified_gmt":"2025-10-08T01:19:45","slug":"deymi-saca-presidira-la-junta-provincial-electoral-de-zamora-chinchipe","status":"publish","type":"post","link":"https:\/\/infozamoraec.com\/index.php\/2025\/10\/08\/deymi-saca-presidira-la-junta-provincial-electoral-de-zamora-chinchipe\/","title":{"rendered":"Deymi Saca presidir\u00e1 la Junta Provincial Electoral de Zamora Chinchipe"},"content":{"rendered":"<p data-start=\"78\" data-end=\"369\">Este martes, 7 de octubre de 2025, la <strong data-start=\"130\" data-end=\"166\">Junta Provincial Electoral (JPE)<\/strong> de <strong data-start=\"170\" data-end=\"190\">Zamora Chinchipe<\/strong> llev\u00f3 a cabo su primera sesi\u00f3n oficial con miras al <strong data-start=\"243\" data-end=\"281\">Refer\u00e9ndum y Consulta Popular 2025<\/strong>, en cumplimiento de los plazos establecidos por el <strong data-start=\"333\" data-end=\"366\" data-is-only-node=\"\">calendario electoral nacional<\/strong>.<\/p>\n<p data-start=\"371\" data-end=\"754\">Durante la sesi\u00f3n ordinaria, los miembros del organismo designaron a <strong data-start=\"440\" data-end=\"462\">Deymi Saca Morocho<\/strong> como <strong data-start=\"468\" data-end=\"482\">presidenta<\/strong> de la JPE y a <strong data-start=\"497\" data-end=\"527\">Elizabeth Espinoza Ord\u00f3\u00f1ez<\/strong> como <strong data-start=\"533\" data-end=\"551\">vicepresidenta<\/strong>. Adem\u00e1s, se integran como <strong data-start=\"578\" data-end=\"589\">vocales<\/strong> <strong data-start=\"590\" data-end=\"617\">Mariana Seminario Ram\u00f3n<\/strong>, <strong data-start=\"619\" data-end=\"643\">Janeth Macas Mendoza<\/strong> y <strong data-start=\"646\" data-end=\"671\">Efr\u00e9n Ru\u00edz Valdiviezo<\/strong>, quienes fueron nombrados por el <strong data-start=\"705\" data-end=\"751\">Pleno del Consejo Nacional Electoral (CNE)<\/strong>.<\/p>\n<p data-start=\"756\" data-end=\"1153\">Las nuevas autoridades tendr\u00e1n la responsabilidad de <strong data-start=\"809\" data-end=\"869\">dirigir y supervisar el desarrollo del proceso electoral<\/strong> en la provincia, incluyendo los <strong data-start=\"902\" data-end=\"917\">escrutinios<\/strong>, la <strong data-start=\"922\" data-end=\"952\">proclamaci\u00f3n de resultados<\/strong> y la <strong data-start=\"958\" data-end=\"989\">resoluci\u00f3n de impugnaciones<\/strong> que se presenten. De ser necesario, tambi\u00e9n podr\u00e1n <strong data-start=\"1041\" data-end=\"1073\">ordenar el recuento de votos<\/strong>, garantizando as\u00ed la <strong data-start=\"1095\" data-end=\"1124\">transparencia y legalidad<\/strong> de la jornada democr\u00e1tica.<\/p>\n<p data-start=\"1155\" data-end=\"1388\" data-is-last-node=\"\" data-is-only-node=\"\">Con esta designaci\u00f3n, el <strong data-start=\"1180\" data-end=\"1187\">CNE<\/strong> avanza en la organizaci\u00f3n del <strong data-start=\"1218\" data-end=\"1256\">Refer\u00e9ndum y Consulta Popular 2025<\/strong>, asegurando la conformaci\u00f3n de los organismos electorales provinciales que velar\u00e1n por el cumplimiento del proceso en todo el pa\u00eds.<\/p>\n","protected":false},"excerpt":{"rendered":"<p>Este martes, 7 de octubre de 2025, la Junta Provincial Electoral (JPE) de Zamora Chinchipe llev\u00f3 a cabo su primera sesi\u00f3n oficial con miras al Refer\u00e9ndum y Consulta Popular 2025, en cumplimiento de los plazos establecidos por el calendario electoral nacional. Durante la sesi\u00f3n ordinaria, los miembros del organismo designaron a Deymi Saca Morocho como [&hellip;]<\/p>\n","protected":false},"author":1,"featured_media":16280,"comment_status":"open","ping_status":"open","sticky":false,"template":"","format":"standard","meta":{"footnotes":""},"categories":[9],"tags":[],"_links":{"self":[{"href":"https:\/\/infozamoraec.com\/index.php\/wp-json\/wp\/v2\/posts\/16279"}],"collection":[{"href":"https:\/\/infozamoraec.com\/index.php\/wp-json\/wp\/v2\/posts"}],"about":[{"href":"https:\/\/infozamoraec.com\/index.php\/wp-json\/wp\/v2\/types\/post"}],"author":[{"embeddable":true,"href":"https:\/\/infozamoraec.com\/index.php\/wp-json\/wp\/v2\/users\/1"}],"replies":[{"embeddable":true,"href":"https:\/\/infozamoraec.com\/index.php\/wp-json\/wp\/v2\/comments?post=16279"}],"version-history":[{"count":2,"href":"https:\/\/infozamoraec.com\/index.php\/wp-json\/wp\/v2\/posts\/16279\/revisions"}],"predecessor-version":[{"id":16282,"href":"https:\/\/infozamoraec.com\/index.php\/wp-json\/wp\/v2\/posts\/16279\/revisions\/16282"}],"wp:featuredmedia":[{"embeddable":true,"href":"https:\/\/infozamoraec.com\/index.php\/wp-json\/wp\/v2\/media\/16280"}],"wp:attachment":[{"href":"https:\/\/infozamoraec.com\/index.php\/wp-json\/wp\/v2\/media?parent=16279"}],"wp:term":[{"taxonomy":"category","embeddable":true,"href":"https:\/\/infozamoraec.com\/index.php\/wp-json\/wp\/v2\/categories?post=16279"},{"taxonomy":"post_tag","embeddable":true,"href":"https:\/\/infozamoraec.com\/index.php\/wp-json\/wp\/v2\/tags?post=16279"}],"curies":[{"name":"wp","href":"https:\/\/api.w.org\/{rel}","templated":true}]}}