{"id":16260,"date":"2025-10-06T23:59:38","date_gmt":"2025-10-06T23:59:38","guid":{"rendered":"https:\/\/infozamoraec.com\/?p=16260"},"modified":"2025-10-06T23:59:38","modified_gmt":"2025-10-06T23:59:38","slug":"presidente-daniel-noboa-visitara-canar-y-cuenca-este-7-de-octubre","status":"publish","type":"post","link":"https:\/\/infozamoraec.com\/index.php\/2025\/10\/06\/presidente-daniel-noboa-visitara-canar-y-cuenca-este-7-de-octubre\/","title":{"rendered":"Presidente Daniel Noboa visitar\u00e1 Ca\u00f1ar y Cuenca este 7 de octubre"},"content":{"rendered":"<p>Este 7 de octubre de 2025, el presidente Daniel Noboa volver\u00e1 a visitar Cuenca como parte de una agenda en la que se incluye la provincia de Ca\u00f1ar. De acuerdo a la programaci\u00f3n compartida por la Secretar\u00eda de Comunicaci\u00f3n de la Presidencia, Noboa estar\u00e1 en la comunidad de Sigsihuayco para entregar un sistema de alcantarillado e inspecciona la planta de aguas residuales.<\/p>\n<p>Mientras que, en Cuenca, el presidente visitar\u00e1 la Unidad Educativa Manuel J. Calle para entregar laboratorios tecnol\u00f3gicos.<\/p>\n<p>Esta es la segunda visita que Daniel Noboa hace a Cuenca en menos de un mes. El 11 de septiembre, el presidente arrib\u00f3 a la capital azuaya luego de su breve participaci\u00f3n en la marcha por la paz que \u00e9l mismo convoc\u00f3 en la ciudad de Guayaquil.<\/p>\n<p>En aquella fecha, en Cuenca, Noboa visit\u00f3 un proyecto inmobiliario y asisti\u00f3 a una entrega de becas en el Teatro Pumapungo. (I)<\/p>\n","protected":false},"excerpt":{"rendered":"<p>Este 7 de octubre de 2025, el presidente Daniel Noboa volver\u00e1 a visitar Cuenca como parte de una agenda en la que se incluye la provincia de Ca\u00f1ar. De acuerdo a la programaci\u00f3n compartida por la Secretar\u00eda de Comunicaci\u00f3n de la Presidencia, Noboa estar\u00e1 en la comunidad de Sigsihuayco para entregar un sistema de alcantarillado [&hellip;]<\/p>\n","protected":false},"author":1,"featured_media":16262,"comment_status":"open","ping_status":"open","sticky":false,"template":"","format":"standard","meta":{"footnotes":""},"categories":[12],"tags":[],"_links":{"self":[{"href":"https:\/\/infozamoraec.com\/index.php\/wp-json\/wp\/v2\/posts\/16260"}],"collection":[{"href":"https:\/\/infozamoraec.com\/index.php\/wp-json\/wp\/v2\/posts"}],"about":[{"href":"https:\/\/infozamoraec.com\/index.php\/wp-json\/wp\/v2\/types\/post"}],"author":[{"embeddable":true,"href":"https:\/\/infozamoraec.com\/index.php\/wp-json\/wp\/v2\/users\/1"}],"replies":[{"embeddable":true,"href":"https:\/\/infozamoraec.com\/index.php\/wp-json\/wp\/v2\/comments?post=16260"}],"version-history":[{"count":1,"href":"https:\/\/infozamoraec.com\/index.php\/wp-json\/wp\/v2\/posts\/16260\/revisions"}],"predecessor-version":[{"id":16263,"href":"https:\/\/infozamoraec.com\/index.php\/wp-json\/wp\/v2\/posts\/16260\/revisions\/16263"}],"wp:featuredmedia":[{"embeddable":true,"href":"https:\/\/infozamoraec.com\/index.php\/wp-json\/wp\/v2\/media\/16262"}],"wp:attachment":[{"href":"https:\/\/infozamoraec.com\/index.php\/wp-json\/wp\/v2\/media?parent=16260"}],"wp:term":[{"taxonomy":"category","embeddable":true,"href":"https:\/\/infozamoraec.com\/index.php\/wp-json\/wp\/v2\/categories?post=16260"},{"taxonomy":"post_tag","embeddable":true,"href":"https:\/\/infozamoraec.com\/index.php\/wp-json\/wp\/v2\/tags?post=16260"}],"curies":[{"name":"wp","href":"https:\/\/api.w.org\/{rel}","templated":true}]}}