{"id":16257,"date":"2025-10-06T23:53:15","date_gmt":"2025-10-06T23:53:15","guid":{"rendered":"https:\/\/infozamoraec.com\/?p=16257"},"modified":"2025-10-06T23:53:15","modified_gmt":"2025-10-06T23:53:15","slug":"venezuela-alerta-a-ee-uu-de-plan-para-atacar-su-embajada","status":"publish","type":"post","link":"https:\/\/infozamoraec.com\/index.php\/2025\/10\/06\/venezuela-alerta-a-ee-uu-de-plan-para-atacar-su-embajada\/","title":{"rendered":"Venezuela alerta a EE.UU. de plan para atacar su embajada"},"content":{"rendered":"<p>En su canal de Instagram, Jorge Rodr\u00edguez, jefe negociador del Gobierno de Venezuela, asegura haber advertido a EE.UU. por \u00abtres v\u00edas distintas\u00bb sobre un supuesto plan de \u00absectores extremistas de la derecha local\u00bb para poner \u00abexplosivos letales\u00bb en la embajada de ese pa\u00eds en Caracas. Seg\u00fan Rodr\u00edguez, se tratar\u00eda de una \u00aboperaci\u00f3n de falsa bandera\u00bb.<\/p>\n<p>Supuestamente, tambi\u00e9n amenazada una embajada europea<br \/>\n\u00abAl mismo tiempo, hemos reforzado las medidas de seguridad en dicha sede diplom\u00e1tica que nuestro Gobierno respeta y protege\u00bb, afirma Rodr\u00edguez, que califica el presunto plan como una \u00abgrave amenaza\u00bb.<\/p>\n<p>Jorge Rodr\u00edguez, que tambi\u00e9n es presidente de la Asamblea Nacional de Venezuela, dice que tambi\u00e9n se ha \u00abadvertido de estos hechos a una embajada europea\u00bb, aunque no ha precisado cu\u00e1l es. Seg\u00fan \u00e9l, su objetivo es que \u00abse sirva comunicar de la gravedad de esta informaci\u00f3n a personal diplom\u00e1tico\u00bb de EE.UU.<\/p>\n<p>ms (Instagram\/efe)<\/p>\n","protected":false},"excerpt":{"rendered":"<p>En su canal de Instagram, Jorge Rodr\u00edguez, jefe negociador del Gobierno de Venezuela, asegura haber advertido a EE.UU. por \u00abtres v\u00edas distintas\u00bb sobre un supuesto plan de \u00absectores extremistas de la derecha local\u00bb para poner \u00abexplosivos letales\u00bb en la embajada de ese pa\u00eds en Caracas. Seg\u00fan Rodr\u00edguez, se tratar\u00eda de una \u00aboperaci\u00f3n de falsa bandera\u00bb. [&hellip;]<\/p>\n","protected":false},"author":1,"featured_media":16258,"comment_status":"open","ping_status":"open","sticky":false,"template":"","format":"standard","meta":{"footnotes":""},"categories":[8],"tags":[],"_links":{"self":[{"href":"https:\/\/infozamoraec.com\/index.php\/wp-json\/wp\/v2\/posts\/16257"}],"collection":[{"href":"https:\/\/infozamoraec.com\/index.php\/wp-json\/wp\/v2\/posts"}],"about":[{"href":"https:\/\/infozamoraec.com\/index.php\/wp-json\/wp\/v2\/types\/post"}],"author":[{"embeddable":true,"href":"https:\/\/infozamoraec.com\/index.php\/wp-json\/wp\/v2\/users\/1"}],"replies":[{"embeddable":true,"href":"https:\/\/infozamoraec.com\/index.php\/wp-json\/wp\/v2\/comments?post=16257"}],"version-history":[{"count":1,"href":"https:\/\/infozamoraec.com\/index.php\/wp-json\/wp\/v2\/posts\/16257\/revisions"}],"predecessor-version":[{"id":16259,"href":"https:\/\/infozamoraec.com\/index.php\/wp-json\/wp\/v2\/posts\/16257\/revisions\/16259"}],"wp:featuredmedia":[{"embeddable":true,"href":"https:\/\/infozamoraec.com\/index.php\/wp-json\/wp\/v2\/media\/16258"}],"wp:attachment":[{"href":"https:\/\/infozamoraec.com\/index.php\/wp-json\/wp\/v2\/media?parent=16257"}],"wp:term":[{"taxonomy":"category","embeddable":true,"href":"https:\/\/infozamoraec.com\/index.php\/wp-json\/wp\/v2\/categories?post=16257"},{"taxonomy":"post_tag","embeddable":true,"href":"https:\/\/infozamoraec.com\/index.php\/wp-json\/wp\/v2\/tags?post=16257"}],"curies":[{"name":"wp","href":"https:\/\/api.w.org\/{rel}","templated":true}]}}