{"id":16254,"date":"2025-10-06T23:51:07","date_gmt":"2025-10-06T23:51:07","guid":{"rendered":"https:\/\/infozamoraec.com\/?p=16254"},"modified":"2025-10-06T23:51:07","modified_gmt":"2025-10-06T23:51:07","slug":"confirman-procesamiento-de-fernandez-por-violencia-de-genero","status":"publish","type":"post","link":"https:\/\/infozamoraec.com\/index.php\/2025\/10\/06\/confirman-procesamiento-de-fernandez-por-violencia-de-genero\/","title":{"rendered":"Confirman procesamiento de Fern\u00e1ndez por violencia de g\u00e9nero"},"content":{"rendered":"<p>La C\u00e1mara Federal de Casaci\u00f3n Penal de Argentina confirm\u00f3 este lunes (06.10.2025) el procesamiento del expresidente Alberto Fern\u00e1ndez en el caso de violencia de g\u00e9nero contra su expareja Fabiola Ya\u00f1ez.<\/p>\n<p>La justicia acept\u00f3 adem\u00e1s la petici\u00f3n que hizo la defensa del exmandatario para apartar al juez que llevaba la causa, Juli\u00e1n Ercolini, con el fin de \u00abalejar cualquier temor de parcialidad que pudieran albergar las partes\u00bb y dispuso que se designe un nuevo magistrado.<\/p>\n<p>El tribunal penal decidi\u00f3 por unanimidad rechazar los argumentos de la defensa del acusado contra la primera decisi\u00f3n judicial de procesar a Fern\u00e1ndez, acusado de lesiones leves y agravadas por violencia de g\u00e9nero y de amenazas coactivas contra su expareja Fabiola Y\u00e1\u00f1ez, en concurso real.<\/p>\n<p>El fiscal federal Ramiro Gonz\u00e1lez solicit\u00f3 el pasado 14 de agosto que Fern\u00e1ndez fuera juzgado en un juicio oral y p\u00fablico.<\/p>\n<p>El expresidente hab\u00eda solicitado que fueran apartados de la causa tanto el juez Ercoloni como el fiscal Ramiro Gonz\u00e1lez, quien el 14 de agosto pidi\u00f3 juicio oral, al argumentar incompetencia y falta de objetividad de ambos.<\/p>\n<p>Ya\u00f1ez, de 43 a\u00f1os, denunci\u00f3 en 2024 al expresidente, de 65, despu\u00e9s de que la justicia argentina, en una investigaci\u00f3n a Fern\u00e1ndez por supuesto tr\u00e1fico de influencias, hallara conversaciones e im\u00e1genes en el tel\u00e9fono de su secretaria que podr\u00edan indicar \u00ablesiones leves en contexto de violencia de g\u00e9nero\u201d contra la exprimera dama.<\/p>\n<p>rr efe\/clar\u00edn<\/p>\n","protected":false},"excerpt":{"rendered":"<p>La C\u00e1mara Federal de Casaci\u00f3n Penal de Argentina confirm\u00f3 este lunes (06.10.2025) el procesamiento del expresidente Alberto Fern\u00e1ndez en el caso de violencia de g\u00e9nero contra su expareja Fabiola Ya\u00f1ez. La justicia acept\u00f3 adem\u00e1s la petici\u00f3n que hizo la defensa del exmandatario para apartar al juez que llevaba la causa, Juli\u00e1n Ercolini, con el fin [&hellip;]<\/p>\n","protected":false},"author":1,"featured_media":16255,"comment_status":"open","ping_status":"open","sticky":false,"template":"","format":"standard","meta":{"footnotes":""},"categories":[8],"tags":[],"_links":{"self":[{"href":"https:\/\/infozamoraec.com\/index.php\/wp-json\/wp\/v2\/posts\/16254"}],"collection":[{"href":"https:\/\/infozamoraec.com\/index.php\/wp-json\/wp\/v2\/posts"}],"about":[{"href":"https:\/\/infozamoraec.com\/index.php\/wp-json\/wp\/v2\/types\/post"}],"author":[{"embeddable":true,"href":"https:\/\/infozamoraec.com\/index.php\/wp-json\/wp\/v2\/users\/1"}],"replies":[{"embeddable":true,"href":"https:\/\/infozamoraec.com\/index.php\/wp-json\/wp\/v2\/comments?post=16254"}],"version-history":[{"count":1,"href":"https:\/\/infozamoraec.com\/index.php\/wp-json\/wp\/v2\/posts\/16254\/revisions"}],"predecessor-version":[{"id":16256,"href":"https:\/\/infozamoraec.com\/index.php\/wp-json\/wp\/v2\/posts\/16254\/revisions\/16256"}],"wp:featuredmedia":[{"embeddable":true,"href":"https:\/\/infozamoraec.com\/index.php\/wp-json\/wp\/v2\/media\/16255"}],"wp:attachment":[{"href":"https:\/\/infozamoraec.com\/index.php\/wp-json\/wp\/v2\/media?parent=16254"}],"wp:term":[{"taxonomy":"category","embeddable":true,"href":"https:\/\/infozamoraec.com\/index.php\/wp-json\/wp\/v2\/categories?post=16254"},{"taxonomy":"post_tag","embeddable":true,"href":"https:\/\/infozamoraec.com\/index.php\/wp-json\/wp\/v2\/tags?post=16254"}],"curies":[{"name":"wp","href":"https:\/\/api.w.org\/{rel}","templated":true}]}}