{"id":16251,"date":"2025-10-06T23:48:08","date_gmt":"2025-10-06T23:48:08","guid":{"rendered":"https:\/\/infozamoraec.com\/?p=16251"},"modified":"2025-10-06T23:48:08","modified_gmt":"2025-10-06T23:48:08","slug":"maria-jose-pinto-anuncia-ayudas-en-pastaza-e-indigenas-dan-respaldo","status":"publish","type":"post","link":"https:\/\/infozamoraec.com\/index.php\/2025\/10\/06\/maria-jose-pinto-anuncia-ayudas-en-pastaza-e-indigenas-dan-respaldo\/","title":{"rendered":"Mar\u00eda Jos\u00e9 Pinto anuncia ayudas en Pastaza e ind\u00edgenas dan respaldo"},"content":{"rendered":"<p>En medio de las paralizaciones sectoriales de la Conaie, la vicepresidenta Mar\u00eda Jos\u00e9 Pinto, en representaci\u00f3n del presidente Daniel Noboa, se traslad\u00f3 hasta Puyo, la provincia de Pastaza, all\u00ed algunas comunidades demostraron respaldo al Gobierno y criticaron el paro de la organizaci\u00f3n ind\u00edgena.<\/p>\n<p>Peque\u00f1os y medianos productores de esta provincia recibieron 109 paquetes tecnol\u00f3gicos para sus cultivos de cacao y papa china, seg\u00fan dijo Pinto. Adem\u00e1s de t\u00edtulos de propiedad de tierras, certificaciones en la agricultura familiar y campesina, y tractores.<\/p>\n<p>Por ello, la vicepresidente recibi\u00f3 el respaldo de dirigentes ind\u00edgenas, por ejemplo de la Federaci\u00f3n de Nacionalidad Shuar de Pastaza (Fenash-p), la Federaci\u00f3n Interprovincial de Centros Shuar (Ficsh), de la Nacionalidad Andwa, del pueblo originario Shuar Kumay y de la comuna ancestral kichwa San Jacinto del Pindo.<\/p>\n<p>\u201cPastaza necesita apoyo real. Reconocemos el valor del agro y el desarrollo. Ustedes tienen la oportunidad de tomar las riendas del pa\u00eds, de decir s\u00ed en la consulta popular\u201d, reiter\u00f3 Pinto durante su visita.<\/p>\n<p>El presidente de la Fenash-p, Mes\u00edas Moncayo, entreg\u00f3 una propuesta al Ejecutivo para trabajar por la salud, educaci\u00f3n y emprendimientos locales: \u201cVamos a sumar, somos los dirigentes del di\u00e1logo y por eso hemos dicho no al paro\u201d.<\/p>\n<p>\u201cA cada provincia llegamos con respuestas para su progreso, para que ustedes y sus familias vivan mejor. Sabemos que con su esfuerzo se hace posible el desarrollo del pa\u00eds\u201d, expres\u00f3 Pinto.<\/p>\n<p>Marlon Vargas, presidente de la Conaie, tambi\u00e9n tuvo agenda en Puyo. Vargas encabez\u00f3 una marcha junto a siete nacionalidades de Pastaza para ratificar las demandas del paro como la derogatoria del decreto 126 y la reducci\u00f3n del IVA al 12%. (I)<\/p>\n","protected":false},"excerpt":{"rendered":"<p>En medio de las paralizaciones sectoriales de la Conaie, la vicepresidenta Mar\u00eda Jos\u00e9 Pinto, en representaci\u00f3n del presidente Daniel Noboa, se traslad\u00f3 hasta Puyo, la provincia de Pastaza, all\u00ed algunas comunidades demostraron respaldo al Gobierno y criticaron el paro de la organizaci\u00f3n ind\u00edgena. Peque\u00f1os y medianos productores de esta provincia recibieron 109 paquetes tecnol\u00f3gicos para [&hellip;]<\/p>\n","protected":false},"author":1,"featured_media":16252,"comment_status":"open","ping_status":"open","sticky":false,"template":"","format":"standard","meta":{"footnotes":""},"categories":[12],"tags":[],"_links":{"self":[{"href":"https:\/\/infozamoraec.com\/index.php\/wp-json\/wp\/v2\/posts\/16251"}],"collection":[{"href":"https:\/\/infozamoraec.com\/index.php\/wp-json\/wp\/v2\/posts"}],"about":[{"href":"https:\/\/infozamoraec.com\/index.php\/wp-json\/wp\/v2\/types\/post"}],"author":[{"embeddable":true,"href":"https:\/\/infozamoraec.com\/index.php\/wp-json\/wp\/v2\/users\/1"}],"replies":[{"embeddable":true,"href":"https:\/\/infozamoraec.com\/index.php\/wp-json\/wp\/v2\/comments?post=16251"}],"version-history":[{"count":1,"href":"https:\/\/infozamoraec.com\/index.php\/wp-json\/wp\/v2\/posts\/16251\/revisions"}],"predecessor-version":[{"id":16253,"href":"https:\/\/infozamoraec.com\/index.php\/wp-json\/wp\/v2\/posts\/16251\/revisions\/16253"}],"wp:featuredmedia":[{"embeddable":true,"href":"https:\/\/infozamoraec.com\/index.php\/wp-json\/wp\/v2\/media\/16252"}],"wp:attachment":[{"href":"https:\/\/infozamoraec.com\/index.php\/wp-json\/wp\/v2\/media?parent=16251"}],"wp:term":[{"taxonomy":"category","embeddable":true,"href":"https:\/\/infozamoraec.com\/index.php\/wp-json\/wp\/v2\/categories?post=16251"},{"taxonomy":"post_tag","embeddable":true,"href":"https:\/\/infozamoraec.com\/index.php\/wp-json\/wp\/v2\/tags?post=16251"}],"curies":[{"name":"wp","href":"https:\/\/api.w.org\/{rel}","templated":true}]}}