{"id":16239,"date":"2025-10-06T21:10:57","date_gmt":"2025-10-06T21:10:57","guid":{"rendered":"https:\/\/infozamoraec.com\/?p=16239"},"modified":"2025-10-07T00:11:46","modified_gmt":"2025-10-07T00:11:46","slug":"zamora-celebro-476-anos-de-fundacion-con-actos-civicos-misa-y-entrega-de-maquinaria-municipal","status":"publish","type":"post","link":"https:\/\/infozamoraec.com\/index.php\/2025\/10\/06\/zamora-celebro-476-anos-de-fundacion-con-actos-civicos-misa-y-entrega-de-maquinaria-municipal\/","title":{"rendered":"Zamora celebr\u00f3 476 a\u00f1os de fundaci\u00f3n con actos c\u00edvicos, misa y entrega de maquinaria municipal"},"content":{"rendered":"<p data-start=\"250\" data-end=\"406\">La ma\u00f1ana de este lunes, 6 de octubre de 2025, Zamora conmemor\u00f3 sus 476 a\u00f1os de fundaci\u00f3n con una jornada llena de civismo, fe y compromiso institucional.<\/p>\n<p data-start=\"408\" data-end=\"692\">Desde las 07h00, en la Iglesia Catedral de Zamora, se realiz\u00f3 la misa de acci\u00f3n de gracias en homenaje a la ciudad. El acto religioso reuni\u00f3 a autoridades locales, representantes institucionales y ciudadan\u00eda, en un momento de uni\u00f3n, fe y gratitud por la \u201cTierra de Aves y Cascadas\u201d.<\/p>\n<p data-start=\"694\" data-end=\"1038\">Posteriormente, en el parque central, se desarroll\u00f3 el acto c\u00edvico en el que autoridades parroquiales, cantonales y provinciales rindieron homenaje al cant\u00f3n. La estudiante Rosmerii Aguilar Pucha tuvo a su cargo la conferencia alusiva a la fecha, destacando los hechos hist\u00f3ricos que dieron origen a la capital provincial de Zamora Chinchipe.<\/p>\n<p data-start=\"1040\" data-end=\"1466\">M\u00e1s tarde, las calles principales de la ciudad se llenaron de color y civismo con el desfile c\u00edvico, militar y estudiantil, que cont\u00f3 con la participaci\u00f3n de cientos de estudiantes, docentes y organizaciones sociales. La tribuna principal se instal\u00f3 en la avenida Alonso de Mercadillo, junto al malec\u00f3n de Zamora, donde autoridades y ciudadan\u00eda disfrutaron del paso de las delegaciones en un ambiente de orgullo y tradici\u00f3n.<\/p>\n<p data-start=\"1468\" data-end=\"1827\">La jornada continu\u00f3 con la sesi\u00f3n solemne conmemorativa, en la cual el alcalde de Zamora, Manuel Gonz\u00e1lez, destac\u00f3 la gesti\u00f3n municipal que supera los 15 millones de d\u00f3lares en obras y proyectos orientados al desarrollo local. Durante este evento tambi\u00e9n se entregaron reconocimientos a ciudadanos e instituciones que han contribuido al progreso del cant\u00f3n.<\/p>\n<p data-start=\"1829\" data-end=\"2285\">En su intervenci\u00f3n, el viceprefecto de Zamora Chinchipe, V\u00edctor Sarango, inform\u00f3 sobre la inversi\u00f3n provincial de aproximadamente 7,4 millones de d\u00f3lares en infraestructura p\u00fablica durante 2025, que incluye obras emblem\u00e1ticas como el Recinto Ferial Provincial de Cumbaratza, el puente vehicular doble carril Nam\u00edrez\u2013Nambija Bajo, dos puentes en Imbana, el puente Cumbaratza\u2013Nuevo Cumbaratza y la construcci\u00f3n de un bloque de aulas en la Escuela Amazonas.<\/p>\n<p data-start=\"2287\" data-end=\"2573\">Como parte del cierre de la jornada, se efectu\u00f3 la entrega y bendici\u00f3n de nueva maquinaria municipal, compuesta por volquetes, tractores y excavadoras, con el objetivo de fortalecer la capacidad operativa del GAD Municipal de Zamora en el mantenimiento vial y el servicio comunitario.<\/p>\n<p data-start=\"2575\" data-end=\"2754\">Con estas actividades, Zamora celebr\u00f3 476 a\u00f1os de historia reafirmando su identidad, su esp\u00edritu solidario y su compromiso con el desarrollo de la provincia de Zamora Chinchipe.<\/p>\n<p data-start=\"2575\" data-end=\"2754\">Aunque no consta en la\u00a0 agenda oficial, la noche\u00a0 cierra con artistas y baile, desde Colombia, llega Lisandrito Meza para poner a bailar a todo el cant\u00f3n con su ritmo y sabor inconfundible a cumbia.<\/p>\n","protected":false},"excerpt":{"rendered":"<p>La ma\u00f1ana de este lunes, 6 de octubre de 2025, Zamora conmemor\u00f3 sus 476 a\u00f1os de fundaci\u00f3n con una jornada llena de civismo, fe y compromiso institucional. Desde las 07h00, en la Iglesia Catedral de Zamora, se realiz\u00f3 la misa de acci\u00f3n de gracias en homenaje a la ciudad. El acto religioso reuni\u00f3 a autoridades [&hellip;]<\/p>\n","protected":false},"author":1,"featured_media":16240,"comment_status":"open","ping_status":"open","sticky":false,"template":"","format":"standard","meta":{"footnotes":""},"categories":[9],"tags":[],"_links":{"self":[{"href":"https:\/\/infozamoraec.com\/index.php\/wp-json\/wp\/v2\/posts\/16239"}],"collection":[{"href":"https:\/\/infozamoraec.com\/index.php\/wp-json\/wp\/v2\/posts"}],"about":[{"href":"https:\/\/infozamoraec.com\/index.php\/wp-json\/wp\/v2\/types\/post"}],"author":[{"embeddable":true,"href":"https:\/\/infozamoraec.com\/index.php\/wp-json\/wp\/v2\/users\/1"}],"replies":[{"embeddable":true,"href":"https:\/\/infozamoraec.com\/index.php\/wp-json\/wp\/v2\/comments?post=16239"}],"version-history":[{"count":3,"href":"https:\/\/infozamoraec.com\/index.php\/wp-json\/wp\/v2\/posts\/16239\/revisions"}],"predecessor-version":[{"id":16271,"href":"https:\/\/infozamoraec.com\/index.php\/wp-json\/wp\/v2\/posts\/16239\/revisions\/16271"}],"wp:featuredmedia":[{"embeddable":true,"href":"https:\/\/infozamoraec.com\/index.php\/wp-json\/wp\/v2\/media\/16240"}],"wp:attachment":[{"href":"https:\/\/infozamoraec.com\/index.php\/wp-json\/wp\/v2\/media?parent=16239"}],"wp:term":[{"taxonomy":"category","embeddable":true,"href":"https:\/\/infozamoraec.com\/index.php\/wp-json\/wp\/v2\/categories?post=16239"},{"taxonomy":"post_tag","embeddable":true,"href":"https:\/\/infozamoraec.com\/index.php\/wp-json\/wp\/v2\/tags?post=16239"}],"curies":[{"name":"wp","href":"https:\/\/api.w.org\/{rel}","templated":true}]}}