{"id":16236,"date":"2025-10-06T21:01:15","date_gmt":"2025-10-06T21:01:15","guid":{"rendered":"https:\/\/infozamoraec.com\/?p=16236"},"modified":"2025-10-06T21:01:15","modified_gmt":"2025-10-06T21:01:15","slug":"el-pangui-vivio-segunda-feria-productiva-turistica-cultural-y-gastronomica-ananku-2025","status":"publish","type":"post","link":"https:\/\/infozamoraec.com\/index.php\/2025\/10\/06\/el-pangui-vivio-segunda-feria-productiva-turistica-cultural-y-gastronomica-ananku-2025\/","title":{"rendered":"El Pangui vivi\u00f3 segunda Feria Productiva, Tur\u00edstica, Cultural y Gastron\u00f3mica A\u00d1ANKU 2025"},"content":{"rendered":"<p>Con una multitudinaria presencia de ciudadanos y visitantes, el cant\u00f3n El Pangui vivi\u00f3 a lo grande la Segunda Feria Productiva, Tur\u00edstica, Cultural y Gastron\u00f3mica A\u00d1ANKU 2025, evento organizado por la Alcald\u00eda de El Pangui y CONAGOPARE Zamora Chinchipe, con el apoyo de Ecuacorriente S.A y la Prefectura.<\/p>\n<p>La jornada inici\u00f3 con la Cicloruta Tur\u00edstica \u201cEl Pangui\u201d I edici\u00f3n, una actividad deportiva de 30 kil\u00f3metros de recorrido que reuni\u00f3 a m\u00e1s de un centenar de ciclistas locales y de diferentes provincias. Posteriormente se realiz\u00f3 el acto inaugural de la feria, con la presencia de los 29 presidentes de los gobiernos parroquiales rurales de Zamora Chinchipe, as\u00ed como delegaciones provenientes de varias provincias del pa\u00eds. Tambi\u00e9n acompa\u00f1\u00f3 el evento el presidente de la Secretar\u00eda T\u00e9cnica de la Amazon\u00eda, Oswaldo Valverde.<\/p>\n<p>Durante su intervenci\u00f3n, el alcalde Jairo Herrera destac\u00f3 el orgullo de El Pangui por ser anfitri\u00f3n de este importante encuentro provincial y nacional \u201cun agradecimiento a todos los emprendedores de nuestro cant\u00f3n y de toda la provincia. Como consejero provincial, reitero nuestro compromiso de continuar apoyando estas iniciativas que fortalecen la econom\u00eda local y el turismo\u201d, expres\u00f3.<\/p>\n<p>Entre los emprendedores participantes estuvo Carlos Aurelio Quezada, conocido como El Caporal, quien lleg\u00f3 desde Huamboya, provincia de Morona Santiago, con su emprendimiento de carnes a la parrilla \u201cun evento espectacular, de primera por el D\u00eda del Turismo. Mil felicitaciones al consejo municipal encabezado por el se\u00f1or alcalde\u201d, manifest\u00f3.<\/p>\n<p>Tambi\u00e9n, Karen Cando, visitante de Santo Domingo, resalt\u00f3 la organizaci\u00f3n y el ambiente del evento \u201ces muy lindo ver c\u00f3mo la gente y la comunidad se re\u00fanen para compartir estos espacios y mostrar lo mejor de cada lugar\u201d. Su opini\u00f3n fue compartida por Luis Panezo, de la provincia de Esmeraldas, quien destac\u00f3 la calidez del p\u00fablico y la variedad de la feria.<\/p>\n<p>El evento reuni\u00f3 a cerca de 150 emprendedores locales y provinciales, quienes ofrecieron productos artesanales, gastron\u00f3micos y tur\u00edsticos. La programaci\u00f3n incluy\u00f3 presentaciones culturales y art\u00edsticas, una guerra de DJ\u2019s, y culmin\u00f3 con el espectacular show del reconocido artista Bayron Caicedo, que puso el cierre con broche de oro ante m\u00e1s de 3.000 espectadores.<\/p>\n","protected":false},"excerpt":{"rendered":"<p>Con una multitudinaria presencia de ciudadanos y visitantes, el cant\u00f3n El Pangui vivi\u00f3 a lo grande la Segunda Feria Productiva, Tur\u00edstica, Cultural y Gastron\u00f3mica A\u00d1ANKU 2025, evento organizado por la Alcald\u00eda de El Pangui y CONAGOPARE Zamora Chinchipe, con el apoyo de Ecuacorriente S.A y la Prefectura. La jornada inici\u00f3 con la Cicloruta Tur\u00edstica \u201cEl [&hellip;]<\/p>\n","protected":false},"author":1,"featured_media":16237,"comment_status":"open","ping_status":"open","sticky":false,"template":"","format":"standard","meta":{"footnotes":""},"categories":[9],"tags":[],"_links":{"self":[{"href":"https:\/\/infozamoraec.com\/index.php\/wp-json\/wp\/v2\/posts\/16236"}],"collection":[{"href":"https:\/\/infozamoraec.com\/index.php\/wp-json\/wp\/v2\/posts"}],"about":[{"href":"https:\/\/infozamoraec.com\/index.php\/wp-json\/wp\/v2\/types\/post"}],"author":[{"embeddable":true,"href":"https:\/\/infozamoraec.com\/index.php\/wp-json\/wp\/v2\/users\/1"}],"replies":[{"embeddable":true,"href":"https:\/\/infozamoraec.com\/index.php\/wp-json\/wp\/v2\/comments?post=16236"}],"version-history":[{"count":1,"href":"https:\/\/infozamoraec.com\/index.php\/wp-json\/wp\/v2\/posts\/16236\/revisions"}],"predecessor-version":[{"id":16238,"href":"https:\/\/infozamoraec.com\/index.php\/wp-json\/wp\/v2\/posts\/16236\/revisions\/16238"}],"wp:featuredmedia":[{"embeddable":true,"href":"https:\/\/infozamoraec.com\/index.php\/wp-json\/wp\/v2\/media\/16237"}],"wp:attachment":[{"href":"https:\/\/infozamoraec.com\/index.php\/wp-json\/wp\/v2\/media?parent=16236"}],"wp:term":[{"taxonomy":"category","embeddable":true,"href":"https:\/\/infozamoraec.com\/index.php\/wp-json\/wp\/v2\/categories?post=16236"},{"taxonomy":"post_tag","embeddable":true,"href":"https:\/\/infozamoraec.com\/index.php\/wp-json\/wp\/v2\/tags?post=16236"}],"curies":[{"name":"wp","href":"https:\/\/api.w.org\/{rel}","templated":true}]}}