{"id":16214,"date":"2025-10-04T02:08:07","date_gmt":"2025-10-04T02:08:07","guid":{"rendered":"https:\/\/infozamoraec.com\/?p=16214"},"modified":"2025-10-04T02:08:07","modified_gmt":"2025-10-04T02:08:07","slug":"colombia-recaptura-a-uno-de-los-ecuatorianos-mas-buscados","status":"publish","type":"post","link":"https:\/\/infozamoraec.com\/index.php\/2025\/10\/04\/colombia-recaptura-a-uno-de-los-ecuatorianos-mas-buscados\/","title":{"rendered":"Colombia recaptura a uno de los ecuatorianos m\u00e1s buscados"},"content":{"rendered":"<p>El cabecilla criminal ecuatoriano Federico G\u00f3mez de Quince -cabecilla de Los \u00c1guilas, una facci\u00f3n de Los Choneros, la banda criminal m\u00e1s antigua de Ecuador- fue recapturado este jueves en Medell\u00edn (Colombia), luego de m\u00e1s de tres meses de su fuga de la Penitenciar\u00eda del Litoral, la c\u00e1rcel m\u00e1s grande, poblada y peligrosa del pa\u00eds andino.<\/p>\n<p>La recaptura se logr\u00f3 en un operativo conjunto entre la Polic\u00eda de Ecuador y la Polic\u00eda y la Armada de Colombia, seg\u00fan anunci\u00f3 el Gobierno ecuatoriano en un mensaje difundido en redes sociales.<\/p>\n<p>El criminal consigui\u00f3 huir de prisi\u00f3n apenas unos d\u00edas antes de que las autoridades de Ecuador capturaran al narcotraficante Jos\u00e9 Adolfo Mac\u00edas Villamar (Fito), l\u00edder de Los Choneros, que llevaba a\u00f1o y medio pr\u00f3fugo desde que tambi\u00e9n se fugara, a finales de 2023, de la C\u00e1rcel Regional de Guayaquil.<\/p>\n<p>El presidente de Ecuador, Daniel Noboa, inform\u00f3 del arresto de Fede en un mensaje en sus redes sociales, en el que a\u00f1adi\u00f3 que ya son once los objetivos de alto valor (por su capacidad de mando dentro de las organizaciones criminales) capturados en el pa\u00eds andino. \u00abEste Gobierno cumple. No vamos a retroceder\u00bb, sentenci\u00f3 Noboa.<\/p>\n<p>Fuga sigue bajo investigaci\u00f3n<br \/>\nEl ministro del Interior, John Reimberg, apunt\u00f3 que la captura del delincuente se llev\u00f3 a cabo en la ciudad colombiana de Medell\u00edn y que, cuando fueron a identificarlo, descubrieron que adem\u00e1s de portar su c\u00e9dula ecuatoriana, tambi\u00e9n usaba otra identidad falsa bajo el nombre de \u00c9der Alberto Estacio G\u00f3mez.<\/p>\n<p>Fede huy\u00f3 de la Penitenciaria del Litoral, ubicada en la ciudad portuaria de Guayaquil, el pasado 20 de junio, luego de estar recluido en dicha prisi\u00f3n desde enero de este a\u00f1o y, al parecer, su fuga fue facilitada por personal de la c\u00e1rcel de la que se evadi\u00f3 portando indumentaria militar.<\/p>\n<p>La fuga fue catalogada por el presidente Noboa como una \u00abtraici\u00f3n\u00bb, por lo que pidi\u00f3 que se detuviera en flagrancia a todo el personal de la penitenciar\u00eda que fuera sospechosa de estar involucrada en el hecho y mientras duren las investigaciones.<\/p>\n<p>jc (efe, El Universo, La Opini\u00f3n)<\/p>\n","protected":false},"excerpt":{"rendered":"<p>El cabecilla criminal ecuatoriano Federico G\u00f3mez de Quince -cabecilla de Los \u00c1guilas, una facci\u00f3n de Los Choneros, la banda criminal m\u00e1s antigua de Ecuador- fue recapturado este jueves en Medell\u00edn (Colombia), luego de m\u00e1s de tres meses de su fuga de la Penitenciar\u00eda del Litoral, la c\u00e1rcel m\u00e1s grande, poblada y peligrosa del pa\u00eds andino. [&hellip;]<\/p>\n","protected":false},"author":1,"featured_media":16215,"comment_status":"open","ping_status":"open","sticky":false,"template":"","format":"standard","meta":{"footnotes":""},"categories":[8],"tags":[],"_links":{"self":[{"href":"https:\/\/infozamoraec.com\/index.php\/wp-json\/wp\/v2\/posts\/16214"}],"collection":[{"href":"https:\/\/infozamoraec.com\/index.php\/wp-json\/wp\/v2\/posts"}],"about":[{"href":"https:\/\/infozamoraec.com\/index.php\/wp-json\/wp\/v2\/types\/post"}],"author":[{"embeddable":true,"href":"https:\/\/infozamoraec.com\/index.php\/wp-json\/wp\/v2\/users\/1"}],"replies":[{"embeddable":true,"href":"https:\/\/infozamoraec.com\/index.php\/wp-json\/wp\/v2\/comments?post=16214"}],"version-history":[{"count":1,"href":"https:\/\/infozamoraec.com\/index.php\/wp-json\/wp\/v2\/posts\/16214\/revisions"}],"predecessor-version":[{"id":16216,"href":"https:\/\/infozamoraec.com\/index.php\/wp-json\/wp\/v2\/posts\/16214\/revisions\/16216"}],"wp:featuredmedia":[{"embeddable":true,"href":"https:\/\/infozamoraec.com\/index.php\/wp-json\/wp\/v2\/media\/16215"}],"wp:attachment":[{"href":"https:\/\/infozamoraec.com\/index.php\/wp-json\/wp\/v2\/media?parent=16214"}],"wp:term":[{"taxonomy":"category","embeddable":true,"href":"https:\/\/infozamoraec.com\/index.php\/wp-json\/wp\/v2\/categories?post=16214"},{"taxonomy":"post_tag","embeddable":true,"href":"https:\/\/infozamoraec.com\/index.php\/wp-json\/wp\/v2\/tags?post=16214"}],"curies":[{"name":"wp","href":"https:\/\/api.w.org\/{rel}","templated":true}]}}