{"id":16204,"date":"2025-10-04T02:01:29","date_gmt":"2025-10-04T02:01:29","guid":{"rendered":"https:\/\/infozamoraec.com\/?p=16204"},"modified":"2025-10-04T02:01:29","modified_gmt":"2025-10-04T02:01:29","slug":"doce-partidos-y-diez-organizaciones-sociales-se-inscribieron-para-hacer-campana-para-la-consulta-popular","status":"publish","type":"post","link":"https:\/\/infozamoraec.com\/index.php\/2025\/10\/04\/doce-partidos-y-diez-organizaciones-sociales-se-inscribieron-para-hacer-campana-para-la-consulta-popular\/","title":{"rendered":"Doce partidos y diez organizaciones sociales se inscribieron para hacer campa\u00f1a para la consulta popular"},"content":{"rendered":"<p>Un total de 22 organizaciones, entre pol\u00edticas y sociales, se inscribieron para hacer campa\u00f1a en la consulta popular convocada por el Consejo Nacional Electoral (CNE).<\/p>\n<p>De ellas, doce corresponden a partidos y movimientos pol\u00edticos, mientras que diez son organizaciones sociales. El CNE debe calificar y revisar algunas de estas inscripciones.<\/p>\n<p>En el bloque pol\u00edtico, cinco agrupaciones se inscribieron para hacer campa\u00f1a por el s\u00ed: Avanza, CREO, Partido Sociedad Patri\u00f3tica 21 de Enero, ADN y Amigo.<\/p>\n<p>En cambio, siete lo har\u00e1n por el no: Unidad Popular, Revoluci\u00f3n Ciudadana, Democracia S\u00ed, Pachakutik, Partido Socialista, PID y Centro Democr\u00e1tico.<\/p>\n<p>Respecto a las organizaciones sociales, siete respaldar\u00e1n el s\u00ed, entre ellas la Confederaci\u00f3n Intercultural de Pueblos y Nacionalidades del Ecuador Amaru, la C\u00e1mara de Energ\u00eda CEDE, Fenacotip y la Confederaci\u00f3n de Comunas.<\/p>\n<p>Otras tres apoyar\u00e1n el no, como la Confederaci\u00f3n de Nacionalidades Ind\u00edgenas del Ecuador (Conaie), la Uni\u00f3n Nacional de Educadores (UNE) y la Uni\u00f3n General de Trabajadores del Ecuador.<\/p>\n<p>En esta misma l\u00ednea, el Consejo Nacional Electoral (CNE) calific\u00f3 las inscripciones de las posturas de los movimientos y partidos pol\u00edticos frente a la consulta sobre la constituyente.<\/p>\n<p>Seg\u00fan la evaluaci\u00f3n oficial, algunas organizaciones promover\u00e1n el s\u00ed, mientras que otras har\u00e1n campa\u00f1a por el no.<\/p>\n<p>Entre las organizaciones que apoyar\u00e1n la constituyente se encuentran el movimiento CREO (Creando Oportunidades) y el movimiento Acci\u00f3n Democr\u00e1tica Nacional (ADN).<\/p>\n<p>Por su parte, el Partido Unidad Popular, el movimiento Democracia S\u00ed y el movimiento Pueblo, Igualdad, Democracia (PID) promover\u00e1n el no.<\/p>\n<p>En este grupo, el movimiento corre\u00edsta Revoluci\u00f3n Ciudadana qued\u00f3 fuera. Su presidenta, Luisa Gonz\u00e1lez, rechaz\u00f3 la decisi\u00f3n y dijo que el CNE \u201cse ha inventado leguleyadas\u201d para impedir su inscripci\u00f3n para hacer campa\u00f1a contra la propuesta del presidente.<\/p>\n<p>Hitos del calendario electoral:<br \/>\n3 de octubre del 2025:<\/p>\n<p>Designaci\u00f3n de vocales de juntas provinciales.<\/p>\n<p>7 de octubre del 2025:<\/p>\n<p>Selecci\u00f3n de miembros de las juntas receptoras del voto (JRV).<\/p>\n<p>Del 8 de octubre al 1 de noviembre del 2025:<\/p>\n<p>Notificaci\u00f3n a miembros de las JRV.<\/p>\n<p>Del 8 de octubre al 16 de noviembre del 2025:<\/p>\n<p>Capacitaci\u00f3n de miembros de las JRV.<\/p>\n<p>Hasta el 30 de octubre del 2025:<\/p>\n<p>Tr\u00e1mite de recursos contencioso-electorales.<\/p>\n<p>30 de octubre del 2025:<\/p>\n<p>Prueba t\u00e9cnica.<\/p>\n<p>31 de octubre del 2025:<\/p>\n<p>Determinaci\u00f3n y asignaci\u00f3n del Fondo de Promoci\u00f3n Electoral.<\/p>\n<p>Consejos consultivos con organizaciones pol\u00edticas.<\/p>\n<p>Del 1 al 13 de noviembre del 2025:<\/p>\n<p>Campa\u00f1a electoral.<\/p>\n<p>9 de noviembre del 2025:<\/p>\n<p>Simulacro nacional.<\/p>\n<p>13 de noviembre del 2025:<\/p>\n<p>Votaci\u00f3n de personas privadas de libertad sin sentencia ejecutoriada.<\/p>\n<p>14 de noviembre del 2025:<\/p>\n<p>Proceso Voto en Casa.<\/p>\n<p>Del 14 al 16 de noviembre del 2025:<\/p>\n<p>Silencio electoral.<\/p>\n<p>16 de noviembre del 2025:<\/p>\n<p>Consulta popular y refer\u00e9ndum (d\u00eda de votaci\u00f3n).<\/p>\n<p>Del 17 al 26 de noviembre del 2025:<\/p>\n<p>Instalaci\u00f3n de escrutinios.<\/p>\n<p>Del 18 al 27 de noviembre del 2025:<\/p>\n<p>Notificaci\u00f3n de resultados parciales.<\/p>\n<p>3 de diciembre del 2025:<\/p>\n<p>Notificaci\u00f3n de resultados num\u00e9ricos oficiales.<\/p>\n<p>Del 4 al 15 de diciembre del 2025:<\/p>\n<p>Periodo de objeciones e impugnaciones.<\/p>\n<p>Del 13 al 27 de diciembre del 2025:<\/p>\n<p>Resoluci\u00f3n de recursos contenciosos.<\/p>\n<p>5 de enero del 2026:<\/p>\n<p>Publicaci\u00f3n oficial de resultados.<\/p>\n<p>&nbsp;<\/p>\n","protected":false},"excerpt":{"rendered":"<p>Un total de 22 organizaciones, entre pol\u00edticas y sociales, se inscribieron para hacer campa\u00f1a en la consulta popular convocada por el Consejo Nacional Electoral (CNE). De ellas, doce corresponden a partidos y movimientos pol\u00edticos, mientras que diez son organizaciones sociales. El CNE debe calificar y revisar algunas de estas inscripciones. En el bloque pol\u00edtico, cinco [&hellip;]<\/p>\n","protected":false},"author":1,"featured_media":16205,"comment_status":"open","ping_status":"open","sticky":false,"template":"","format":"standard","meta":{"footnotes":""},"categories":[12],"tags":[],"_links":{"self":[{"href":"https:\/\/infozamoraec.com\/index.php\/wp-json\/wp\/v2\/posts\/16204"}],"collection":[{"href":"https:\/\/infozamoraec.com\/index.php\/wp-json\/wp\/v2\/posts"}],"about":[{"href":"https:\/\/infozamoraec.com\/index.php\/wp-json\/wp\/v2\/types\/post"}],"author":[{"embeddable":true,"href":"https:\/\/infozamoraec.com\/index.php\/wp-json\/wp\/v2\/users\/1"}],"replies":[{"embeddable":true,"href":"https:\/\/infozamoraec.com\/index.php\/wp-json\/wp\/v2\/comments?post=16204"}],"version-history":[{"count":1,"href":"https:\/\/infozamoraec.com\/index.php\/wp-json\/wp\/v2\/posts\/16204\/revisions"}],"predecessor-version":[{"id":16206,"href":"https:\/\/infozamoraec.com\/index.php\/wp-json\/wp\/v2\/posts\/16204\/revisions\/16206"}],"wp:featuredmedia":[{"embeddable":true,"href":"https:\/\/infozamoraec.com\/index.php\/wp-json\/wp\/v2\/media\/16205"}],"wp:attachment":[{"href":"https:\/\/infozamoraec.com\/index.php\/wp-json\/wp\/v2\/media?parent=16204"}],"wp:term":[{"taxonomy":"category","embeddable":true,"href":"https:\/\/infozamoraec.com\/index.php\/wp-json\/wp\/v2\/categories?post=16204"},{"taxonomy":"post_tag","embeddable":true,"href":"https:\/\/infozamoraec.com\/index.php\/wp-json\/wp\/v2\/tags?post=16204"}],"curies":[{"name":"wp","href":"https:\/\/api.w.org\/{rel}","templated":true}]}}