{"id":16201,"date":"2025-10-04T01:58:48","date_gmt":"2025-10-04T01:58:48","guid":{"rendered":"https:\/\/infozamoraec.com\/?p=16201"},"modified":"2025-10-04T01:58:48","modified_gmt":"2025-10-04T01:58:48","slug":"pablo-muentes-seguira-recluido-en-la-carcel-la-roca","status":"publish","type":"post","link":"https:\/\/infozamoraec.com\/index.php\/2025\/10\/04\/pablo-muentes-seguira-recluido-en-la-carcel-la-roca\/","title":{"rendered":"Pablo Muentes seguir\u00e1 recluido en la c\u00e1rcel La Roca"},"content":{"rendered":"<p>El exasamble\u00edsta del PSC, Pablo Muentes, sentenciado en el caso Purga, seguir\u00e1 recluido en la c\u00e1rcel de m\u00e1xima seguridad La Roca, en Guayaquil.<\/p>\n<p>Muentes fue llevado a ese centro carcelario el pasado 5 de agosto desde la C\u00e1rcel 4 de Quito por disposici\u00f3n del SNAI.<\/p>\n<p>Por lo que Muentes apel\u00f3 esa decisi\u00f3n. No obstante, un Tribunal de la Corte Nacional de Justicia analiz\u00f3 los argumentos de todas las partes y determin\u00f3 este 3 de octubre que no es competente para resolver el tema.<\/p>\n<p>En consecuencia, Pablo Muentes seguir\u00e1 recluido en La Roca.<\/p>\n<p>El pol\u00edtico tiene una sentencia de primera instancia por delincuencia organizada en el caso Purga. Fue se\u00f1alado como el cabecilla de una estructura que controlaba la justicia de Guayas.<\/p>\n","protected":false},"excerpt":{"rendered":"<p>El exasamble\u00edsta del PSC, Pablo Muentes, sentenciado en el caso Purga, seguir\u00e1 recluido en la c\u00e1rcel de m\u00e1xima seguridad La Roca, en Guayaquil. Muentes fue llevado a ese centro carcelario el pasado 5 de agosto desde la C\u00e1rcel 4 de Quito por disposici\u00f3n del SNAI. Por lo que Muentes apel\u00f3 esa decisi\u00f3n. No obstante, un [&hellip;]<\/p>\n","protected":false},"author":1,"featured_media":16202,"comment_status":"open","ping_status":"open","sticky":false,"template":"","format":"standard","meta":{"footnotes":""},"categories":[12],"tags":[],"_links":{"self":[{"href":"https:\/\/infozamoraec.com\/index.php\/wp-json\/wp\/v2\/posts\/16201"}],"collection":[{"href":"https:\/\/infozamoraec.com\/index.php\/wp-json\/wp\/v2\/posts"}],"about":[{"href":"https:\/\/infozamoraec.com\/index.php\/wp-json\/wp\/v2\/types\/post"}],"author":[{"embeddable":true,"href":"https:\/\/infozamoraec.com\/index.php\/wp-json\/wp\/v2\/users\/1"}],"replies":[{"embeddable":true,"href":"https:\/\/infozamoraec.com\/index.php\/wp-json\/wp\/v2\/comments?post=16201"}],"version-history":[{"count":1,"href":"https:\/\/infozamoraec.com\/index.php\/wp-json\/wp\/v2\/posts\/16201\/revisions"}],"predecessor-version":[{"id":16203,"href":"https:\/\/infozamoraec.com\/index.php\/wp-json\/wp\/v2\/posts\/16201\/revisions\/16203"}],"wp:featuredmedia":[{"embeddable":true,"href":"https:\/\/infozamoraec.com\/index.php\/wp-json\/wp\/v2\/media\/16202"}],"wp:attachment":[{"href":"https:\/\/infozamoraec.com\/index.php\/wp-json\/wp\/v2\/media?parent=16201"}],"wp:term":[{"taxonomy":"category","embeddable":true,"href":"https:\/\/infozamoraec.com\/index.php\/wp-json\/wp\/v2\/categories?post=16201"},{"taxonomy":"post_tag","embeddable":true,"href":"https:\/\/infozamoraec.com\/index.php\/wp-json\/wp\/v2\/tags?post=16201"}],"curies":[{"name":"wp","href":"https:\/\/api.w.org\/{rel}","templated":true}]}}