{"id":16193,"date":"2025-10-04T01:52:37","date_gmt":"2025-10-04T01:52:37","guid":{"rendered":"https:\/\/infozamoraec.com\/?p=16193"},"modified":"2025-10-04T01:52:37","modified_gmt":"2025-10-04T01:52:37","slug":"fiscal-toainga-instalo-audiencia-del-caso-apagon-judicatura-se-apresta-a-reemplazarlo","status":"publish","type":"post","link":"https:\/\/infozamoraec.com\/index.php\/2025\/10\/04\/fiscal-toainga-instalo-audiencia-del-caso-apagon-judicatura-se-apresta-a-reemplazarlo\/","title":{"rendered":"Fiscal Toainga instal\u00f3 audiencia del caso \u2018Apag\u00f3n\u2019; Judicatura se apresta a reemplazarlo"},"content":{"rendered":"<p>Hace poco m\u00e1s de dos horas, el Fiscal subrogante Wilson Toainga instal\u00f3 en Quito, la audiencia por el caso \u2018Apag\u00f3n\u2019 mientras se conoci\u00f3 que el Consjeo de la Judicatura presidido por Mario Godoy, buscar\u00e1 un reemplazo de Toinga por una supuesta renuncia pese a que la Fiscal\u00eda no se ha pronunciado al respecto.<\/p>\n<p>La Procurador\u00eda, a trav\u00e9s de su titular, Juan Carlos Larrea aprovech\u00f3 para contestar a la Fiscal\u00eda sobre qu\u00e9 pasar\u00eda ante la ausencia definitiva de Toainga. Seg\u00fan lo suscrito por Larrea se concluye que: \u00abEn virtud de su ausencia definitiva, resulta aplicable la figura del encargo por orden de autoridad competente\u00bb.<\/p>\n<p>Es decir, la Procuradorr\u00eda pone esa designaci\u00f3n en manos del Consejo de la Judicatura. que considera que hay un vac\u00edo legal para designar al reemplazo del fiscal subrogante y le dice que \u00abes jur\u00eddicamente procedente que se nombre de forma temporal a un fiscal encargado\u00bb.<\/p>\n","protected":false},"excerpt":{"rendered":"<p>Hace poco m\u00e1s de dos horas, el Fiscal subrogante Wilson Toainga instal\u00f3 en Quito, la audiencia por el caso \u2018Apag\u00f3n\u2019 mientras se conoci\u00f3 que el Consjeo de la Judicatura presidido por Mario Godoy, buscar\u00e1 un reemplazo de Toinga por una supuesta renuncia pese a que la Fiscal\u00eda no se ha pronunciado al respecto. La Procurador\u00eda, [&hellip;]<\/p>\n","protected":false},"author":1,"featured_media":16194,"comment_status":"open","ping_status":"open","sticky":false,"template":"","format":"standard","meta":{"footnotes":""},"categories":[12],"tags":[],"_links":{"self":[{"href":"https:\/\/infozamoraec.com\/index.php\/wp-json\/wp\/v2\/posts\/16193"}],"collection":[{"href":"https:\/\/infozamoraec.com\/index.php\/wp-json\/wp\/v2\/posts"}],"about":[{"href":"https:\/\/infozamoraec.com\/index.php\/wp-json\/wp\/v2\/types\/post"}],"author":[{"embeddable":true,"href":"https:\/\/infozamoraec.com\/index.php\/wp-json\/wp\/v2\/users\/1"}],"replies":[{"embeddable":true,"href":"https:\/\/infozamoraec.com\/index.php\/wp-json\/wp\/v2\/comments?post=16193"}],"version-history":[{"count":2,"href":"https:\/\/infozamoraec.com\/index.php\/wp-json\/wp\/v2\/posts\/16193\/revisions"}],"predecessor-version":[{"id":16196,"href":"https:\/\/infozamoraec.com\/index.php\/wp-json\/wp\/v2\/posts\/16193\/revisions\/16196"}],"wp:featuredmedia":[{"embeddable":true,"href":"https:\/\/infozamoraec.com\/index.php\/wp-json\/wp\/v2\/media\/16194"}],"wp:attachment":[{"href":"https:\/\/infozamoraec.com\/index.php\/wp-json\/wp\/v2\/media?parent=16193"}],"wp:term":[{"taxonomy":"category","embeddable":true,"href":"https:\/\/infozamoraec.com\/index.php\/wp-json\/wp\/v2\/categories?post=16193"},{"taxonomy":"post_tag","embeddable":true,"href":"https:\/\/infozamoraec.com\/index.php\/wp-json\/wp\/v2\/tags?post=16193"}],"curies":[{"name":"wp","href":"https:\/\/api.w.org\/{rel}","templated":true}]}}