{"id":16185,"date":"2025-10-04T01:35:04","date_gmt":"2025-10-04T01:35:04","guid":{"rendered":"https:\/\/infozamoraec.com\/?p=16185"},"modified":"2025-10-04T01:35:04","modified_gmt":"2025-10-04T01:35:04","slug":"pleno-del-cne-designo-vocales-a-la-junta-provincial-electoral-de-zamora-chinchipe","status":"publish","type":"post","link":"https:\/\/infozamoraec.com\/index.php\/2025\/10\/04\/pleno-del-cne-designo-vocales-a-la-junta-provincial-electoral-de-zamora-chinchipe\/","title":{"rendered":"Pleno del CNE design\u00f3 Vocales a la Junta Provincial Electoral\u00a0de Zamora Chinchipe"},"content":{"rendered":"<p>En el marco de las elecciones de Refer\u00e9ndum y Consulta Popular 2025, este viernes 03 de octubre, en la sesi\u00f3n ordinaria N. 62 del Pleno del Consejo Nacional Electoral (CNE) design\u00f3 a los vocales de las Juntas Provinciales Electorales (JPE) de las 24 provincias del pa\u00eds.<\/p>\n<p>Las Juntas Provinciales Electorales son las encargadas de coordinar, supervisar y realizar los escrutinios durante los procesos electorales. Los Vocales designados para la Junta Provincial Electoral de Zamora Chinchipe son:<\/p>\n<p>. Deymi Fernanda Saca Morocho<\/p>\n<p>. Mariana del Roc\u00edo Seminario Ram\u00f3n<\/p>\n<p>. Janeth Angelica Macas Mendoza<\/p>\n<p>. Elizabeth Marlene Espinoza Ordo\u00f1ez<\/p>\n<p>. Efr\u00e9n Joselito Ruiz Valdiviezo<\/p>\n<p>El CNE garantiza que todas las fases del proceso electoral se cumplan acorde al calendario establecido, con los est\u00e1ndares de transparencia y eficiencia.<\/p>\n","protected":false},"excerpt":{"rendered":"<p>En el marco de las elecciones de Refer\u00e9ndum y Consulta Popular 2025, este viernes 03 de octubre, en la sesi\u00f3n ordinaria N. 62 del Pleno del Consejo Nacional Electoral (CNE) design\u00f3 a los vocales de las Juntas Provinciales Electorales (JPE) de las 24 provincias del pa\u00eds. Las Juntas Provinciales Electorales son las encargadas de coordinar, [&hellip;]<\/p>\n","protected":false},"author":1,"featured_media":16186,"comment_status":"open","ping_status":"open","sticky":false,"template":"","format":"standard","meta":{"footnotes":""},"categories":[9],"tags":[],"_links":{"self":[{"href":"https:\/\/infozamoraec.com\/index.php\/wp-json\/wp\/v2\/posts\/16185"}],"collection":[{"href":"https:\/\/infozamoraec.com\/index.php\/wp-json\/wp\/v2\/posts"}],"about":[{"href":"https:\/\/infozamoraec.com\/index.php\/wp-json\/wp\/v2\/types\/post"}],"author":[{"embeddable":true,"href":"https:\/\/infozamoraec.com\/index.php\/wp-json\/wp\/v2\/users\/1"}],"replies":[{"embeddable":true,"href":"https:\/\/infozamoraec.com\/index.php\/wp-json\/wp\/v2\/comments?post=16185"}],"version-history":[{"count":2,"href":"https:\/\/infozamoraec.com\/index.php\/wp-json\/wp\/v2\/posts\/16185\/revisions"}],"predecessor-version":[{"id":16188,"href":"https:\/\/infozamoraec.com\/index.php\/wp-json\/wp\/v2\/posts\/16185\/revisions\/16188"}],"wp:featuredmedia":[{"embeddable":true,"href":"https:\/\/infozamoraec.com\/index.php\/wp-json\/wp\/v2\/media\/16186"}],"wp:attachment":[{"href":"https:\/\/infozamoraec.com\/index.php\/wp-json\/wp\/v2\/media?parent=16185"}],"wp:term":[{"taxonomy":"category","embeddable":true,"href":"https:\/\/infozamoraec.com\/index.php\/wp-json\/wp\/v2\/categories?post=16185"},{"taxonomy":"post_tag","embeddable":true,"href":"https:\/\/infozamoraec.com\/index.php\/wp-json\/wp\/v2\/tags?post=16185"}],"curies":[{"name":"wp","href":"https:\/\/api.w.org\/{rel}","templated":true}]}}