{"id":16182,"date":"2025-10-04T01:33:03","date_gmt":"2025-10-04T01:33:03","guid":{"rendered":"https:\/\/infozamoraec.com\/?p=16182"},"modified":"2025-10-04T01:33:03","modified_gmt":"2025-10-04T01:33:03","slug":"zamora-se-prepara-para-cerrar-con-orgullo-los-476-anos-de-fundacion-con-musica-cultura-tradicion-y-alegria","status":"publish","type":"post","link":"https:\/\/infozamoraec.com\/index.php\/2025\/10\/04\/zamora-se-prepara-para-cerrar-con-orgullo-los-476-anos-de-fundacion-con-musica-cultura-tradicion-y-alegria\/","title":{"rendered":"Zamora se prepara para cerrar con orgullo los 476 a\u00f1os de fundaci\u00f3n con m\u00fasica, cultura, tradici\u00f3n y alegr\u00eda"},"content":{"rendered":"<p style=\"font-weight: 400;\">El cant\u00f3n Zamora contin\u00faa en la conmemoraci\u00f3n de sus 476 a\u00f1os de fundaci\u00f3n con una nutrida agenda cultural, deportiva y gastron\u00f3mica que se vivir\u00e1 intensamente desde este viernes 03 hasta el lunes 06 de octubre, con actividades pensadas para el disfrute de toda la ciudadan\u00eda y turistas.<\/p>\n<p style=\"font-weight: 400;\">La celebraci\u00f3n arranca este viernes 03 de octubre a las 09h00, con el Torneo Clasificatorio para el Campeonato Nacional \u201cS\u00faper Gol Kids\u201d, que tendr\u00e1 lugar en el estadio sint\u00e9tico del Parque Lineal de Zamora. Por la noche, a las 20h00, la Feria Libre se llenar\u00e1 de talento musical con la presentaci\u00f3n de ocho agrupaciones en el Festival del Pasillo, en su modalidad tr\u00edos, evento que promete deleitar a los amantes de este g\u00e9nero tradicional.<\/p>\n<p style=\"font-weight: 400;\">La agenda contin\u00faa el s\u00e1bado 4 de octubre a partir de las 12h00 en el Parque Lineal, donde se desarrollar\u00e1 el esperado Festival de Cerveza Artesanal y Asados \u201cINGU BEER FEST\u201d. Aqu\u00ed, los asistentes podr\u00e1n disfrutar de la cerveza oficial conmemorativa de los 476 a\u00f1os, adem\u00e1s de seis marcas locales pertenecientes a la Uni\u00f3n de Cerveceros Artesanales, acompa\u00f1adas por los exquisitos asados de Carbonara House, La Hueca del Pavito, Embutidos del Sur y la Asociaci\u00f3n de Ranas de Piuntza \u201cTsunki\u201d. Durante esta jornada tambi\u00e9n se contar\u00e1 con la participaci\u00f3n de agrupaciones musicales como Barbados, Andr\u00f3meda, y desde Guayaquil, la reconocida banda Atraxion. A las 16h00 se desarrollar\u00e1 el divertido concurso de \u201cAnquitas Picantes\u201d, con premios para los tres primeros lugares: $100, $60 y $40 respectivamente.<\/p>\n<p style=\"font-weight: 400;\">El mismo d\u00eda, a las 19h00 en el Coliseo de Deportes de Zamora, se llevar\u00e1 a cabo el Campeonato 3&#215;3 de Baloncesto \u201cZamora 2025\u201d, y para cerrar la jornada con un emotivo Homenaje a Zamora en el Parque Lineal, los asistentes disfrutar\u00e1n de una noche llena de arte y talento local.<\/p>\n<p style=\"font-weight: 400;\">El domingo 5 de octubre desde las 05h00, la tradicional chiva fiestera marcar\u00e1 el inicio del 9\u00ba Festival de la Ca\u00f1a y la Melcocha \u201cTimbara 2025\u201d, que incluir\u00e1 desde un desayuno comunitario a las 07h00, seguido del \u201cMa\u00f1anazo\u201d a las 08h00, corte, acarreo y molienda de ca\u00f1a a las 08h30, y recepci\u00f3n de emprendedores a las 09h45. La inauguraci\u00f3n oficial del festival ser\u00e1 a las 10h00, seguida de la exposici\u00f3n y calificaci\u00f3n de productos derivados de la ca\u00f1a a las 11h00. A las 13h00 se realizar\u00e1 una v\u00e1lida de Motocross, a las 14h00 el Concurso de Batida de la Melcocha, a las 18h00 la premiaci\u00f3n de los ganadores, y culminando la jornada a las 19H30 los habitantes del cant\u00f3n Zamora y turistas disfrutan de participaciones art\u00edsticas y el baile popular.<\/p>\n<p style=\"font-weight: 400;\">Finalmente, el lunes 6 de octubre, d\u00eda de cierre de esta gran celebraci\u00f3n, las actividades inician a las 07h00 con la Misa de Acci\u00f3n de Gracias, seguida a las 08h00 por el Momento C\u00edvico, el Desfile C\u00edvico a las 09h00, y la Sesi\u00f3n Solemne a las 11h00. El acto de clausura ser\u00e1 a las 13h00 con la entrega y bendici\u00f3n de nueva maquinaria que conforma el equipo caminero para el GAD Municipal de Zamora, en la Feria Libre del barrio La Pen\u00ednsula.<\/p>\n<p style=\"font-weight: 400;\">El alcalde del cant\u00f3n Zamora, Manuel Gonz\u00e1lez, extendi\u00f3 una cordial invitaci\u00f3n a toda la ciudadan\u00eda y turistas para que sean parte de esta diversa programaci\u00f3n, pensada para rendir homenaje a la historia, identidad y cultura de este querido cant\u00f3n amaz\u00f3nico.<\/p>\n","protected":false},"excerpt":{"rendered":"<p>El cant\u00f3n Zamora contin\u00faa en la conmemoraci\u00f3n de sus 476 a\u00f1os de fundaci\u00f3n con una nutrida agenda cultural, deportiva y gastron\u00f3mica que se vivir\u00e1 intensamente desde este viernes 03 hasta el lunes 06 de octubre, con actividades pensadas para el disfrute de toda la ciudadan\u00eda y turistas. La celebraci\u00f3n arranca este viernes 03 de octubre [&hellip;]<\/p>\n","protected":false},"author":1,"featured_media":16183,"comment_status":"open","ping_status":"open","sticky":false,"template":"","format":"standard","meta":{"footnotes":""},"categories":[9],"tags":[],"_links":{"self":[{"href":"https:\/\/infozamoraec.com\/index.php\/wp-json\/wp\/v2\/posts\/16182"}],"collection":[{"href":"https:\/\/infozamoraec.com\/index.php\/wp-json\/wp\/v2\/posts"}],"about":[{"href":"https:\/\/infozamoraec.com\/index.php\/wp-json\/wp\/v2\/types\/post"}],"author":[{"embeddable":true,"href":"https:\/\/infozamoraec.com\/index.php\/wp-json\/wp\/v2\/users\/1"}],"replies":[{"embeddable":true,"href":"https:\/\/infozamoraec.com\/index.php\/wp-json\/wp\/v2\/comments?post=16182"}],"version-history":[{"count":1,"href":"https:\/\/infozamoraec.com\/index.php\/wp-json\/wp\/v2\/posts\/16182\/revisions"}],"predecessor-version":[{"id":16184,"href":"https:\/\/infozamoraec.com\/index.php\/wp-json\/wp\/v2\/posts\/16182\/revisions\/16184"}],"wp:featuredmedia":[{"embeddable":true,"href":"https:\/\/infozamoraec.com\/index.php\/wp-json\/wp\/v2\/media\/16183"}],"wp:attachment":[{"href":"https:\/\/infozamoraec.com\/index.php\/wp-json\/wp\/v2\/media?parent=16182"}],"wp:term":[{"taxonomy":"category","embeddable":true,"href":"https:\/\/infozamoraec.com\/index.php\/wp-json\/wp\/v2\/categories?post=16182"},{"taxonomy":"post_tag","embeddable":true,"href":"https:\/\/infozamoraec.com\/index.php\/wp-json\/wp\/v2\/tags?post=16182"}],"curies":[{"name":"wp","href":"https:\/\/api.w.org\/{rel}","templated":true}]}}