{"id":16176,"date":"2025-10-03T02:32:02","date_gmt":"2025-10-03T02:32:02","guid":{"rendered":"https:\/\/infozamoraec.com\/?p=16176"},"modified":"2025-10-03T02:32:02","modified_gmt":"2025-10-03T02:32:02","slug":"putin-promete-que-rusia-respondera-a-la-militarizacion-de-europa","status":"publish","type":"post","link":"https:\/\/infozamoraec.com\/index.php\/2025\/10\/03\/putin-promete-que-rusia-respondera-a-la-militarizacion-de-europa\/","title":{"rendered":"Putin promete que Rusia responder\u00e1 a la militarizaci\u00f3n de Europa"},"content":{"rendered":"<p>El presidente de Rusia, Vlad\u00edmir Putin, asegur\u00f3 este jueves que la respuesta rusa a la militarizaci\u00f3n de Europa, si esta realmente ocurre, no se har\u00e1 esperar.<\/p>\n<p>\u00abCreo que nadie duda de que la respuesta de Rusia no se har\u00e1 esperar\u00bb, dijo Putin al intervenir en el Club de Debate Vald\u00e1i que tiene lugar en el balneario de Sochi.<\/p>\n<p>El jefe del Kremlin asegur\u00f3 que Mosc\u00fa sigue \u00abde cerca la creciente militarizaci\u00f3n de Europa\u00bb para entender si se trata \u00absolo de palabras\u00bb o de hechos concretos que conllevar\u00e1n \u00abcontramedidas\u00bb.<\/p>\n<p>En este sentido, agreg\u00f3, que \u00abAlemania, por ejemplo, sostiene que el ej\u00e9rcito alem\u00e1n debe volver a ser el m\u00e1s poderoso en Europa\u00bb.<\/p>\n<p>\u00abPues bien, nosotros lo escuchamos atentamente y miramos qu\u00e9 se tiene en cuenta\u00bb, precis\u00f3 el l\u00edder ruso.<\/p>\n<p>Putin se mostr\u00f3 convencido de que la respuesta rusa a las amenazas con las que se tope ser\u00e1 \u00abmuy convincente\u00bb. EFE (I)<\/p>\n","protected":false},"excerpt":{"rendered":"<p>El presidente de Rusia, Vlad\u00edmir Putin, asegur\u00f3 este jueves que la respuesta rusa a la militarizaci\u00f3n de Europa, si esta realmente ocurre, no se har\u00e1 esperar. \u00abCreo que nadie duda de que la respuesta de Rusia no se har\u00e1 esperar\u00bb, dijo Putin al intervenir en el Club de Debate Vald\u00e1i que tiene lugar en el [&hellip;]<\/p>\n","protected":false},"author":1,"featured_media":16177,"comment_status":"open","ping_status":"open","sticky":false,"template":"","format":"standard","meta":{"footnotes":""},"categories":[8],"tags":[],"_links":{"self":[{"href":"https:\/\/infozamoraec.com\/index.php\/wp-json\/wp\/v2\/posts\/16176"}],"collection":[{"href":"https:\/\/infozamoraec.com\/index.php\/wp-json\/wp\/v2\/posts"}],"about":[{"href":"https:\/\/infozamoraec.com\/index.php\/wp-json\/wp\/v2\/types\/post"}],"author":[{"embeddable":true,"href":"https:\/\/infozamoraec.com\/index.php\/wp-json\/wp\/v2\/users\/1"}],"replies":[{"embeddable":true,"href":"https:\/\/infozamoraec.com\/index.php\/wp-json\/wp\/v2\/comments?post=16176"}],"version-history":[{"count":1,"href":"https:\/\/infozamoraec.com\/index.php\/wp-json\/wp\/v2\/posts\/16176\/revisions"}],"predecessor-version":[{"id":16178,"href":"https:\/\/infozamoraec.com\/index.php\/wp-json\/wp\/v2\/posts\/16176\/revisions\/16178"}],"wp:featuredmedia":[{"embeddable":true,"href":"https:\/\/infozamoraec.com\/index.php\/wp-json\/wp\/v2\/media\/16177"}],"wp:attachment":[{"href":"https:\/\/infozamoraec.com\/index.php\/wp-json\/wp\/v2\/media?parent=16176"}],"wp:term":[{"taxonomy":"category","embeddable":true,"href":"https:\/\/infozamoraec.com\/index.php\/wp-json\/wp\/v2\/categories?post=16176"},{"taxonomy":"post_tag","embeddable":true,"href":"https:\/\/infozamoraec.com\/index.php\/wp-json\/wp\/v2\/tags?post=16176"}],"curies":[{"name":"wp","href":"https:\/\/api.w.org\/{rel}","templated":true}]}}