{"id":16173,"date":"2025-10-03T02:29:46","date_gmt":"2025-10-03T02:29:46","guid":{"rendered":"https:\/\/infozamoraec.com\/?p=16173"},"modified":"2025-10-03T02:29:46","modified_gmt":"2025-10-03T02:29:46","slug":"xavier-jordan-dice-que-esta-libre-y-no-tiene-cargos-tras-allanamiento-a-su-domicilio-en-estados-unidos","status":"publish","type":"post","link":"https:\/\/infozamoraec.com\/index.php\/2025\/10\/03\/xavier-jordan-dice-que-esta-libre-y-no-tiene-cargos-tras-allanamiento-a-su-domicilio-en-estados-unidos\/","title":{"rendered":"Xavier Jord\u00e1n dice que est\u00e1 libre y no tiene cargos tras allanamiento a su domicilio en Estados Unidos"},"content":{"rendered":"<p>\u201cEstoy libre, no tengo cargos\u201d, expres\u00f3<strong>\u00a0Xavier Jord\u00e1n Mendoza<\/strong>,<strong>\u00a0<\/strong>procesado en Ecuador por el asesinato del pol\u00edtico Fernando Villavicencio y llamado a juicio en el caso Met\u00e1stasis, en una declaraci\u00f3n de prensa en los exteriores de su vivienda en Miami, Florida (Estados Unidos).<\/p>\n<p>Con \u201clas leyes de Estados Unidos, la fianza se demora 24 horas y desgraciadamente tienen la mala costumbre de mentir y decir que he salido bajo fianza. Estoy libre, no tengo cargos. Lo que s\u00ed hay es una investigaci\u00f3n privada\u201d, cont\u00f3 Jord\u00e1n al periodista Jos\u00e9 Calder\u00f3n.<\/p>\n<p>Este 2 de octubre de 2025, miembros del Bur\u00f3 Federal de Investigaciones (FBI) y del Homeland Security (DHS, por sus siglas en ingl\u00e9s) allananaron su domicilio en Kendall (Miami), seg\u00fan su abogado. Juan Carlos Salazar, abogado en Ecuador de Jord\u00e1n, aclar\u00f3 que no conoce a fondo los detalles ni el porqu\u00e9 de la acci\u00f3n.<\/p>\n<p>Explic\u00f3 que el operativo policial se dio en la casa de Jord\u00e1n cuando \u00e9l estaba dentro, aunque no pod\u00eda confirmar cu\u00e1l era exactamente la situaci\u00f3n de su cliente.<\/p>\n<p>Xavier Jord\u00e1n es uno de los cuatro procesados como presuntos autores intelectuales del asesinato del candidato presidencial Fernando Villavicencio, ocurrido el 9 de agosto de 2023.<\/p>\n<p>Tambi\u00e9n fue llamado a juicio por el caso Met\u00e1stasis, en el que se investig\u00f3 un delito de delincuencia organizada<\/p>\n","protected":false},"excerpt":{"rendered":"<p>\u201cEstoy libre, no tengo cargos\u201d, expres\u00f3\u00a0Xavier Jord\u00e1n Mendoza,\u00a0procesado en Ecuador por el asesinato del pol\u00edtico Fernando Villavicencio y llamado a juicio en el caso Met\u00e1stasis, en una declaraci\u00f3n de prensa en los exteriores de su vivienda en Miami, Florida (Estados Unidos). Con \u201clas leyes de Estados Unidos, la fianza se demora 24 horas y desgraciadamente [&hellip;]<\/p>\n","protected":false},"author":1,"featured_media":16174,"comment_status":"open","ping_status":"open","sticky":false,"template":"","format":"standard","meta":{"footnotes":""},"categories":[12],"tags":[],"_links":{"self":[{"href":"https:\/\/infozamoraec.com\/index.php\/wp-json\/wp\/v2\/posts\/16173"}],"collection":[{"href":"https:\/\/infozamoraec.com\/index.php\/wp-json\/wp\/v2\/posts"}],"about":[{"href":"https:\/\/infozamoraec.com\/index.php\/wp-json\/wp\/v2\/types\/post"}],"author":[{"embeddable":true,"href":"https:\/\/infozamoraec.com\/index.php\/wp-json\/wp\/v2\/users\/1"}],"replies":[{"embeddable":true,"href":"https:\/\/infozamoraec.com\/index.php\/wp-json\/wp\/v2\/comments?post=16173"}],"version-history":[{"count":1,"href":"https:\/\/infozamoraec.com\/index.php\/wp-json\/wp\/v2\/posts\/16173\/revisions"}],"predecessor-version":[{"id":16175,"href":"https:\/\/infozamoraec.com\/index.php\/wp-json\/wp\/v2\/posts\/16173\/revisions\/16175"}],"wp:featuredmedia":[{"embeddable":true,"href":"https:\/\/infozamoraec.com\/index.php\/wp-json\/wp\/v2\/media\/16174"}],"wp:attachment":[{"href":"https:\/\/infozamoraec.com\/index.php\/wp-json\/wp\/v2\/media?parent=16173"}],"wp:term":[{"taxonomy":"category","embeddable":true,"href":"https:\/\/infozamoraec.com\/index.php\/wp-json\/wp\/v2\/categories?post=16173"},{"taxonomy":"post_tag","embeddable":true,"href":"https:\/\/infozamoraec.com\/index.php\/wp-json\/wp\/v2\/tags?post=16173"}],"curies":[{"name":"wp","href":"https:\/\/api.w.org\/{rel}","templated":true}]}}