{"id":16169,"date":"2025-10-03T02:27:27","date_gmt":"2025-10-03T02:27:27","guid":{"rendered":"https:\/\/infozamoraec.com\/?p=16169"},"modified":"2025-10-03T02:27:27","modified_gmt":"2025-10-03T02:27:27","slug":"paro-nacional-divide-a-partidos-pk-pse-y-rc-defienden-las-protestas-mientras-adn-las-fiscalizara-en-la-asamblea","status":"publish","type":"post","link":"https:\/\/infozamoraec.com\/index.php\/2025\/10\/03\/paro-nacional-divide-a-partidos-pk-pse-y-rc-defienden-las-protestas-mientras-adn-las-fiscalizara-en-la-asamblea\/","title":{"rendered":"Paro nacional divide a partidos: PK, PSE y RC defienden las protestas, mientras ADN las fiscalizar\u00e1 en la Asamblea"},"content":{"rendered":"<p>En medio del paro nacional, convocado por la Confederaci\u00f3n de Nacionalidades Ind\u00edgenas del Ecuador (Conaie) en rechazo a la eliminaci\u00f3n del subsidio al di\u00e9sel, los principales partidos pol\u00edticos han fijado posturas diversas, que van desde el respaldo activo a los manifestantes hasta la fiscalizaci\u00f3n de los hechos ocurridos en las calles.<\/p>\n<p><strong>Pachakutik ha pedido uni\u00f3n en el movimiento ind\u00edgena<\/strong><\/p>\n<p>El brazo pol\u00edtico del movimiento ind\u00edgena, el movimiento Pachakutik, difundi\u00f3 un comunicado en el que llama a fortalecer la unidad entre campo y ciudad y a dejar de lado las rivalidades y las diferencias internas.<\/p>\n<p>\u201cUltrajar o perder una vida, incluso de alguien que no conocemos, duele en el alma y agiganta la impotencia\u201d, se\u00f1ala el documento, en referencia a los hechos violentos de los \u00faltimos d\u00edas.<\/p>\n<p>El partido asegura que la protesta en las calles es un derecho legal y leg\u00edtimo protegido por la Constituci\u00f3n y hace un llamado a organismos nacionales e internacionales para exigir el cese del abuso de poder y del uso indiscriminado de la fuerza por parte de las autoridades.<\/p>\n<p><strong>PSE pide fin de la represi\u00f3n<\/strong><\/p>\n<p>El Partido Socialista Ecuatoriano (PSE) tambi\u00e9n respald\u00f3 el derecho a la protesta ind\u00edgena y popular.<\/p>\n<p>En su comunicado, la direcci\u00f3n nacional del partido responsabiliza al Gobierno por la orden de represi\u00f3n que deriv\u00f3 en la muerte del manifestante Efra\u00edn Fueres y exige la destituci\u00f3n y enjuiciamiento de los ministros de Defensa e Interior.<\/p>\n<p>\u201cNoboa inventa enemigos cuando su popularidad cae. El pa\u00eds no necesita farsas ni represi\u00f3n, necesita soluciones\u201d, dice el PSE, que asegura que brindar\u00e1 apoyo legal y log\u00edstico a quienes participan en las manifestaciones y solicita un di\u00e1logo genuino entre autoridades y organizaciones sociales.<\/p>\n<p><strong>RC expres\u00f3 su apoyo e inst\u00f3 a los militantes a movilizarse<\/strong><\/p>\n<p>La presidenta de la Revoluci\u00f3n Ciudadana, Luisa Gonz\u00e1lez, reiter\u00f3 el respaldo de su organizaci\u00f3n a los manifestantes y a la militancia que desee sumarse a la protesta.<\/p>\n<p>\u201cSi requieren abogados o alimentaci\u00f3n, aqu\u00ed estamos; si se requiere que salga la militancia de la Revoluci\u00f3n Ciudadana, saldr\u00e1\u201d, afirm\u00f3 durante una rueda de prensa el pasado 30 de septiembre.<\/p>\n<p>Gonz\u00e1lez tambi\u00e9n inst\u00f3 al Ejecutivo a sentarse a dialogar con el movimiento ind\u00edgena y critic\u00f3 la exclusi\u00f3n de la RC por parte del Consejo Nacional Electoral (CNE) en la inscripci\u00f3n para participar en el refer\u00e9ndum de noviembre.<\/p>\n<p>La dirigente y expresidenciable afirm\u00f3 que mientras est\u00e9 al frente de la organizaci\u00f3n no habr\u00e1 \u201ctibiezas ni pactos\u201d frente a los reclamos del pueblo.<\/p>\n<p><strong>ADN llevar\u00e1 la fiscalizaci\u00f3n del paro a la Asamblea<\/strong><\/p>\n<p>En paralelo, el Consejo de Administraci\u00f3n Legislativa (CAL), dominado por Acci\u00f3n Democr\u00e1tica Nacional (ADN) y aliados, resolvi\u00f3 que la Comisi\u00f3n de Soberan\u00eda, Integraci\u00f3n y Seguridad Integral, tambi\u00e9n oficialista, ser\u00e1 la encargada de investigar los hechos de violencia durante el paro nacional.<\/p>\n<p>Esta decisi\u00f3n gener\u00f3 un enfrentamiento con la Comisi\u00f3n de Garant\u00edas Constitucionales, de mayor\u00eda corre\u00edsta, que hab\u00eda empezado previamente una fiscalizaci\u00f3n y recibido testimonios de dirigentes ind\u00edgenas y familiares de los detenidos en Otavalo y Cotacachi.<\/p>\n<p>Finalmente, el CAL determin\u00f3 que la comisi\u00f3n corre\u00edsta se abstenga de continuar con el proceso, mientras que esta continuar\u00e1 recibiendo exposiciones de expertos y actores pol\u00edticos vinculados al paro.<\/p>\n<p><strong>Otros partidos priorizan la consulta popular<\/strong><\/p>\n<p>Mientras Pachakutik, PSE y RC han fijado posturas claras frente al paro nacional, otros partidos pol\u00edticos se han concentrado principalmente en la consulta popular y el refer\u00e9ndum previstos para el pr\u00f3ximo 16 de noviembre. Entre ellos destacan el Partido Social Cristiano (PSC) y el movimiento CREO.<\/p>\n<p>El\u00a0<strong>PSC<\/strong>\u00a0ha expresado apoyo a la idea de instalar una asamblea constituyente, aunque considera que no es el momento adecuado para proponerla.<\/p>\n<p>Por su parte, en la Asamblea Nacional mantiene una postura cr\u00edtica hacia el gobierno de Daniel Noboa y ha se\u00f1alado que cualquier discusi\u00f3n sobre cambios constitucionales debe darse con responsabilidad y di\u00e1logo previo con la ciudadan\u00eda.<\/p>\n<p>En cuanto al\u00a0<strong>movimiento CREO<\/strong>, respaldado por el expresidente Guillermo Lasso, este ha adoptado una posici\u00f3n activa de cara al refer\u00e9ndum: llama a votar S\u00ed en la consulta popular sobre la instalaci\u00f3n de bases militares extranjeras y la eliminaci\u00f3n del financiamiento estatal a los partidos pol\u00edticos.<\/p>\n<p>La organizaci\u00f3n se inscribi\u00f3 ante el \u00f3rgano electoral para realizar campa\u00f1a directa por el S\u00ed.\u00a0<strong>(I)<\/strong><\/p>\n","protected":false},"excerpt":{"rendered":"<p>En medio del paro nacional, convocado por la Confederaci\u00f3n de Nacionalidades Ind\u00edgenas del Ecuador (Conaie) en rechazo a la eliminaci\u00f3n del subsidio al di\u00e9sel, los principales partidos pol\u00edticos han fijado posturas diversas, que van desde el respaldo activo a los manifestantes hasta la fiscalizaci\u00f3n de los hechos ocurridos en las calles. Pachakutik ha pedido uni\u00f3n [&hellip;]<\/p>\n","protected":false},"author":1,"featured_media":16170,"comment_status":"open","ping_status":"open","sticky":false,"template":"","format":"standard","meta":{"footnotes":""},"categories":[12],"tags":[],"_links":{"self":[{"href":"https:\/\/infozamoraec.com\/index.php\/wp-json\/wp\/v2\/posts\/16169"}],"collection":[{"href":"https:\/\/infozamoraec.com\/index.php\/wp-json\/wp\/v2\/posts"}],"about":[{"href":"https:\/\/infozamoraec.com\/index.php\/wp-json\/wp\/v2\/types\/post"}],"author":[{"embeddable":true,"href":"https:\/\/infozamoraec.com\/index.php\/wp-json\/wp\/v2\/users\/1"}],"replies":[{"embeddable":true,"href":"https:\/\/infozamoraec.com\/index.php\/wp-json\/wp\/v2\/comments?post=16169"}],"version-history":[{"count":1,"href":"https:\/\/infozamoraec.com\/index.php\/wp-json\/wp\/v2\/posts\/16169\/revisions"}],"predecessor-version":[{"id":16171,"href":"https:\/\/infozamoraec.com\/index.php\/wp-json\/wp\/v2\/posts\/16169\/revisions\/16171"}],"wp:featuredmedia":[{"embeddable":true,"href":"https:\/\/infozamoraec.com\/index.php\/wp-json\/wp\/v2\/media\/16170"}],"wp:attachment":[{"href":"https:\/\/infozamoraec.com\/index.php\/wp-json\/wp\/v2\/media?parent=16169"}],"wp:term":[{"taxonomy":"category","embeddable":true,"href":"https:\/\/infozamoraec.com\/index.php\/wp-json\/wp\/v2\/categories?post=16169"},{"taxonomy":"post_tag","embeddable":true,"href":"https:\/\/infozamoraec.com\/index.php\/wp-json\/wp\/v2\/tags?post=16169"}],"curies":[{"name":"wp","href":"https:\/\/api.w.org\/{rel}","templated":true}]}}