{"id":16161,"date":"2025-10-03T02:19:22","date_gmt":"2025-10-03T02:19:22","guid":{"rendered":"https:\/\/infozamoraec.com\/?p=16161"},"modified":"2025-10-03T02:19:22","modified_gmt":"2025-10-03T02:19:22","slug":"noboa-amplia-del-9-al-12-octubre-el-feriado-nacional","status":"publish","type":"post","link":"https:\/\/infozamoraec.com\/index.php\/2025\/10\/03\/noboa-amplia-del-9-al-12-octubre-el-feriado-nacional\/","title":{"rendered":"Noboa ampl\u00eda del 9 al 12 octubre el feriado nacional"},"content":{"rendered":"<p>El presidente Daniel Noboa ampl\u00eda el feriado del 9 al 12 de octubre para impulsar el turismo y la econom\u00eda local en marco de la Independencia de Guayaquil. La suspensi\u00f3n de la jornada no ser\u00e1 recuperable, y el Gobierno asegur\u00f3 que se mantendr\u00e1n activos los servicios b\u00e1sicos y aquellos esenciales durante este periodo. Esto lo hace en pleno paro de la Conaie.<\/p>\n<p>\u00abEsta jornada de trabajo suspendida no ser\u00e1 recuperable\u00ab, a\u00f1ade el decreto.<\/p>\n<p>Durante este feriado se deber\u00e1 garantizar la provisi\u00f3n de los servicios b\u00e1sicos y aquellos que por su importancia deban mantenerse activos como: salud, bomberos, terminales terrestres, terminales a\u00e9reas, terminales fluviales, bancarios, entre otros.<\/p>\n<p>Para ello, las m\u00e1ximas autoridades de las instituciones, entidades y organismos del sector p\u00fablico deber\u00e1n disponer que se cuente con el \u00abpersonal m\u00ednimo que permita atender satisfactoriamente las demandas de la colectividad\u00bb. (I)<\/p>\n","protected":false},"excerpt":{"rendered":"<p>El presidente Daniel Noboa ampl\u00eda el feriado del 9 al 12 de octubre para impulsar el turismo y la econom\u00eda local en marco de la Independencia de Guayaquil. La suspensi\u00f3n de la jornada no ser\u00e1 recuperable, y el Gobierno asegur\u00f3 que se mantendr\u00e1n activos los servicios b\u00e1sicos y aquellos esenciales durante este periodo. Esto lo [&hellip;]<\/p>\n","protected":false},"author":1,"featured_media":16162,"comment_status":"open","ping_status":"open","sticky":false,"template":"","format":"standard","meta":{"footnotes":""},"categories":[12],"tags":[],"_links":{"self":[{"href":"https:\/\/infozamoraec.com\/index.php\/wp-json\/wp\/v2\/posts\/16161"}],"collection":[{"href":"https:\/\/infozamoraec.com\/index.php\/wp-json\/wp\/v2\/posts"}],"about":[{"href":"https:\/\/infozamoraec.com\/index.php\/wp-json\/wp\/v2\/types\/post"}],"author":[{"embeddable":true,"href":"https:\/\/infozamoraec.com\/index.php\/wp-json\/wp\/v2\/users\/1"}],"replies":[{"embeddable":true,"href":"https:\/\/infozamoraec.com\/index.php\/wp-json\/wp\/v2\/comments?post=16161"}],"version-history":[{"count":1,"href":"https:\/\/infozamoraec.com\/index.php\/wp-json\/wp\/v2\/posts\/16161\/revisions"}],"predecessor-version":[{"id":16163,"href":"https:\/\/infozamoraec.com\/index.php\/wp-json\/wp\/v2\/posts\/16161\/revisions\/16163"}],"wp:featuredmedia":[{"embeddable":true,"href":"https:\/\/infozamoraec.com\/index.php\/wp-json\/wp\/v2\/media\/16162"}],"wp:attachment":[{"href":"https:\/\/infozamoraec.com\/index.php\/wp-json\/wp\/v2\/media?parent=16161"}],"wp:term":[{"taxonomy":"category","embeddable":true,"href":"https:\/\/infozamoraec.com\/index.php\/wp-json\/wp\/v2\/categories?post=16161"},{"taxonomy":"post_tag","embeddable":true,"href":"https:\/\/infozamoraec.com\/index.php\/wp-json\/wp\/v2\/tags?post=16161"}],"curies":[{"name":"wp","href":"https:\/\/api.w.org\/{rel}","templated":true}]}}