{"id":16158,"date":"2025-10-03T02:11:27","date_gmt":"2025-10-03T02:11:27","guid":{"rendered":"https:\/\/infozamoraec.com\/?p=16158"},"modified":"2025-10-03T02:11:27","modified_gmt":"2025-10-03T02:11:27","slug":"conaie-anuncia-que-el-paro-sigue-en-todo-el-pais","status":"publish","type":"post","link":"https:\/\/infozamoraec.com\/index.php\/2025\/10\/03\/conaie-anuncia-que-el-paro-sigue-en-todo-el-pais\/","title":{"rendered":"Conaie anuncia que el paro sigue en todo el pa\u00eds"},"content":{"rendered":"<p>La Confederaci\u00f3n de Nacionalidades Ind\u00edgenas de Ecuador (Conaie), la organizaci\u00f3n social m\u00e1s grande y que lidera las protestas contra el alza del di\u00e9sel en el pa\u00eds, ratific\u00f3 este jueves que \u00abel paro sigue\u00bb y avanz\u00f3 que este jueves se reunir\u00e1n para definir nuevas acciones.<\/p>\n<p>\u00abHan pasado 12 d\u00edas de paro nacional y la resistencia de los pueblos no se detiene. El Gobierno de Daniel Noboa responde con represi\u00f3n, pero nuestras demandas siguen firmes y justas. El paro sigue, la lucha contin\u00faa como expresi\u00f3n leg\u00edtima de nuestros pueblos y por las medidas neoliberales\u00bb, public\u00f3 el movimiento ind\u00edgena.<\/p>\n<p>Sus exigencias son:<\/p>\n<p>Derogatoria del subsidio al di\u00e9sel Defensa de la tierra en los territorios.<br \/>\nRechazo al estractivismo<br \/>\nFortalecer la educaci\u00f3n y salud p\u00fablica<br \/>\nReducci\u00f3n del IVA del 15% al 12%<br \/>\nRespeto a los derechoss colectivos<br \/>\nGarant\u00edas plenas para el derecho a la resistencia<br \/>\nReparaci\u00f3n para la familia de Efra\u00edn Fuerez<\/p>\n<p>Adem\u00e1s, Vargas indic\u00f3 que se realizar\u00e1n asambleas comunitarias para hacer campa\u00f1a por el NO en la consulta y Asamblea Constituyente por ser \u00abun distractractor de los problemas de crissi social y econ\u00f3mica y por ser una agneda de restrcci\u00f3n de derechos laborales, colectivos, de la natural\u00f1eza y del agua<\/p>\n<p>El anuncio se realiz\u00f3 horas despu\u00e9s de que la Federaci\u00f3n de pueblos Kichwa de la Sierra Norte de Ecuador, donde se han concentrado las mayores protestas, publicara un comunicado sobre una \u00abtregua temporal\u00bb como \u00abgesto de buena fe y voluntad de di\u00e1logo con el Gobierno\u00bb.<\/p>\n<p>Adem\u00e1s de la derogaci\u00f3n del decreto que elimin\u00f3 el subsidio al di\u00e9sel, por el que el precio pas\u00f3 de 1,80 a 2,80 d\u00f3lares por gal\u00f3n (3,78 litros), y de la liberaci\u00f3n de los detenidos, el movimiento ind\u00edgena exige que se reduzca el Impuesto al Valor Agregado (IVA) del 15 % al 12 % y el fin de la expansi\u00f3n minera y petrolera, entre otros pedidos.<\/p>\n<p>La Conai ya lider\u00f3 en 2019 y 2022 protestas que llevaron a los presidentes Len\u00edn Moreno (2017-2021) y Guillermo Lasso (2021-2023) a dar marcha a atr\u00e1s cuando quisieron eliminar las subvenciones estatales a los combustibles. (I)<\/p>\n","protected":false},"excerpt":{"rendered":"<p>La Confederaci\u00f3n de Nacionalidades Ind\u00edgenas de Ecuador (Conaie), la organizaci\u00f3n social m\u00e1s grande y que lidera las protestas contra el alza del di\u00e9sel en el pa\u00eds, ratific\u00f3 este jueves que \u00abel paro sigue\u00bb y avanz\u00f3 que este jueves se reunir\u00e1n para definir nuevas acciones. \u00abHan pasado 12 d\u00edas de paro nacional y la resistencia de [&hellip;]<\/p>\n","protected":false},"author":1,"featured_media":16159,"comment_status":"open","ping_status":"open","sticky":false,"template":"","format":"standard","meta":{"footnotes":""},"categories":[12],"tags":[],"_links":{"self":[{"href":"https:\/\/infozamoraec.com\/index.php\/wp-json\/wp\/v2\/posts\/16158"}],"collection":[{"href":"https:\/\/infozamoraec.com\/index.php\/wp-json\/wp\/v2\/posts"}],"about":[{"href":"https:\/\/infozamoraec.com\/index.php\/wp-json\/wp\/v2\/types\/post"}],"author":[{"embeddable":true,"href":"https:\/\/infozamoraec.com\/index.php\/wp-json\/wp\/v2\/users\/1"}],"replies":[{"embeddable":true,"href":"https:\/\/infozamoraec.com\/index.php\/wp-json\/wp\/v2\/comments?post=16158"}],"version-history":[{"count":1,"href":"https:\/\/infozamoraec.com\/index.php\/wp-json\/wp\/v2\/posts\/16158\/revisions"}],"predecessor-version":[{"id":16160,"href":"https:\/\/infozamoraec.com\/index.php\/wp-json\/wp\/v2\/posts\/16158\/revisions\/16160"}],"wp:featuredmedia":[{"embeddable":true,"href":"https:\/\/infozamoraec.com\/index.php\/wp-json\/wp\/v2\/media\/16159"}],"wp:attachment":[{"href":"https:\/\/infozamoraec.com\/index.php\/wp-json\/wp\/v2\/media?parent=16158"}],"wp:term":[{"taxonomy":"category","embeddable":true,"href":"https:\/\/infozamoraec.com\/index.php\/wp-json\/wp\/v2\/categories?post=16158"},{"taxonomy":"post_tag","embeddable":true,"href":"https:\/\/infozamoraec.com\/index.php\/wp-json\/wp\/v2\/tags?post=16158"}],"curies":[{"name":"wp","href":"https:\/\/api.w.org\/{rel}","templated":true}]}}