{"id":16155,"date":"2025-10-03T02:09:28","date_gmt":"2025-10-03T02:09:28","guid":{"rendered":"https:\/\/infozamoraec.com\/?p=16155"},"modified":"2025-10-03T02:16:20","modified_gmt":"2025-10-03T02:16:20","slug":"venezuela-exige-a-ee-uu-cesar-postura-guerrerista","status":"publish","type":"post","link":"https:\/\/infozamoraec.com\/index.php\/2025\/10\/03\/venezuela-exige-a-ee-uu-cesar-postura-guerrerista\/","title":{"rendered":"Venezuela exige a EE.UU. cesar \u00abpostura guerrerista\u00bb"},"content":{"rendered":"<p><a class=\"internal-link\" href=\"https:\/\/www.dw.com\/es\/venezuela\/t-17410652\" target=\"_blank\" rel=\"noopener\">Venezuela<\/a>\u00a0exigi\u00f3 este jueves (02.10.2025) a EE.UU. cesar lo que califica como una postura \u00abguerrerista\u00bb, tras denunciar una\u00a0<a class=\"internal-link\" href=\"https:\/\/www.dw.com\/es\/venezuela-denuncia-acoso-a%C3%A9reo-de-eeuu-cerca-de-su-costa\/a-74224485\" target=\"_blank\" rel=\"noopener\">\u00abincursi\u00f3n ilegal de aeronaves de combate\u00bb del pa\u00eds norteamericano<\/a>\u00a0a 75 kil\u00f3metros de sus costas, en el mar Caribe, un hecho que, inform\u00f3, denunciar\u00e1 ante el secretario general de la\u00a0<a class=\"internal-link\" href=\"https:\/\/www.dw.com\/es\/onu\/t-17409613\" target=\"_blank\" rel=\"noopener\">ONU<\/a>, Ant\u00f3nio Guterres, y otras instancias como la Celac.<\/p>\n<p>\u00abVenezuela exige al secretario de Guerra de los Estados Unidos, Pete Hegseth, que cese de inmediato en su postura temeraria, aventurera y guerrerista, que pretende socavar la zona de paz de Am\u00e9rica Latina y el Caribe y pone en peligro la estabilidad regional\u00bb, dijo el Ejecutivo de Nicol\u00e1s Maduro en un comunicado.<\/p>\n<p>La Administraci\u00f3n chavista rechaz\u00f3 \u00aben\u00e9rgicamente la incursi\u00f3n\u00bb de esas aeronaves que, se\u00f1al\u00f3, fueron detectadas este 2 de octubre \u00abdentro de la Regi\u00f3n de Informaci\u00f3n de Vuelo (FIR) de Maiquet\u00eda\u00bb, lo que, adem\u00e1s, fue identificado por el Comando de Defensa Aeroespacial Integral (Codai).<\/p>\n<p>A juicio de Caracas, esa maniobra, tambi\u00e9n avistada por una \u00abaerol\u00ednea colombiana\u00bb, representa \u00abuna provocaci\u00f3n que amenaza la soberan\u00eda nacional y contraviene las normas del derecho internacional y la Convenci\u00f3n de Chicago sobre Aviaci\u00f3n Civil Internacional\u00bb.<\/p>\n<p>\u00abEste grave reporte se a\u00f1ade a otras incursiones ilegales similares previamente registradas y ya denunciadas por el Gobierno bolivariano, lo que configura un patr\u00f3n de hostigamiento que no puede ser tolerado\u00bb, reza el texto suscrito por los ministerios de Defensa y de Relaciones Exteriores.<\/p>\n<p>En ese sentido, Venezuela asegur\u00f3 que \u00abno aceptar\u00e1 intimidaciones ni agresiones de ninguna potencia extranjera\u00bb y que \u00abejercer\u00e1 plenamente su derecho a la defensa de la soberan\u00eda nacional, conforme al derecho internacional\u00bb.<\/p>\n<h2>Venezuela denunciar\u00e1 incursi\u00f3n en varios organismos<\/h2>\n<p>\u00abLa Fuerza Armada Nacional Bolivariana se mantendr\u00e1 en alerta permanente con su Sistema Integrado de Defensa Aeroespacial\u00bb, indic\u00f3.<\/p>\n<p>Adem\u00e1s, adelant\u00f3 que denunciar\u00e1 el incidente ante la ONU, el Consejo de Seguridad, la Organizaci\u00f3n de Aviaci\u00f3n Civil Internacional (OACI) y la Comunidad de Estados Latinoamericanos y Caribe\u00f1os (Celac), con el fin, afirm\u00f3, de que \u00abse adopten las medidas necesarias que impidan la repetici\u00f3n de estas acciones ilegales y peligrosas\u00bb.<\/p>\n<p>Previamente, el ministro de Defensa, Vladimir Padrino L\u00f3pez, hab\u00eda denunciado el \u00abacoso militar\u00bb por parte de \u00abaviones de combate\u00bb cerca de las costas venezolanas.<\/p>\n<p>Seg\u00fan el funcionario, se detect\u00f3 la presencia de \u00abm\u00e1s de cinco vectores\u00bb con \u00abcaracter\u00edsticas de vuelo de 400 nudos y volando a una altura de 35.000 pies\u00bb.<\/p>\n<p>EE.UU. ha desplegado al menos ocho buques de guerra en la regi\u00f3n y un submarino de ataque r\u00e1pido de propulsi\u00f3n nuclear, as\u00ed como m\u00e1s de 4.500 soldados, como parte de una operaci\u00f3n en el mar Caribe. Tambi\u00e9n ha enviado cazas de \u00faltima generaci\u00f3n F-35B a Puerto Rico.<\/p>\n<p>Venezuela denuncia esta movilizaci\u00f3n como una amenaza en su contra y como parte de un plan para propiciar un \u00abcambio de r\u00e9gimen\u00bb en el pa\u00eds.<\/p>\n<p>mg (efe, El Universal)<\/p>\n","protected":false},"excerpt":{"rendered":"<p>Venezuela\u00a0exigi\u00f3 este jueves (02.10.2025) a EE.UU. cesar lo que califica como una postura \u00abguerrerista\u00bb, tras denunciar una\u00a0\u00abincursi\u00f3n ilegal de aeronaves de combate\u00bb del pa\u00eds norteamericano\u00a0a 75 kil\u00f3metros de sus costas, en el mar Caribe, un hecho que, inform\u00f3, denunciar\u00e1 ante el secretario general de la\u00a0ONU, Ant\u00f3nio Guterres, y otras instancias como la Celac. \u00abVenezuela exige [&hellip;]<\/p>\n","protected":false},"author":1,"featured_media":16156,"comment_status":"open","ping_status":"open","sticky":false,"template":"","format":"standard","meta":{"footnotes":""},"categories":[8],"tags":[],"_links":{"self":[{"href":"https:\/\/infozamoraec.com\/index.php\/wp-json\/wp\/v2\/posts\/16155"}],"collection":[{"href":"https:\/\/infozamoraec.com\/index.php\/wp-json\/wp\/v2\/posts"}],"about":[{"href":"https:\/\/infozamoraec.com\/index.php\/wp-json\/wp\/v2\/types\/post"}],"author":[{"embeddable":true,"href":"https:\/\/infozamoraec.com\/index.php\/wp-json\/wp\/v2\/users\/1"}],"replies":[{"embeddable":true,"href":"https:\/\/infozamoraec.com\/index.php\/wp-json\/wp\/v2\/comments?post=16155"}],"version-history":[{"count":1,"href":"https:\/\/infozamoraec.com\/index.php\/wp-json\/wp\/v2\/posts\/16155\/revisions"}],"predecessor-version":[{"id":16157,"href":"https:\/\/infozamoraec.com\/index.php\/wp-json\/wp\/v2\/posts\/16155\/revisions\/16157"}],"wp:featuredmedia":[{"embeddable":true,"href":"https:\/\/infozamoraec.com\/index.php\/wp-json\/wp\/v2\/media\/16156"}],"wp:attachment":[{"href":"https:\/\/infozamoraec.com\/index.php\/wp-json\/wp\/v2\/media?parent=16155"}],"wp:term":[{"taxonomy":"category","embeddable":true,"href":"https:\/\/infozamoraec.com\/index.php\/wp-json\/wp\/v2\/categories?post=16155"},{"taxonomy":"post_tag","embeddable":true,"href":"https:\/\/infozamoraec.com\/index.php\/wp-json\/wp\/v2\/tags?post=16155"}],"curies":[{"name":"wp","href":"https:\/\/api.w.org\/{rel}","templated":true}]}}